{"id":890,"date":"2020-04-21T18:00:02","date_gmt":"2020-04-21T16:00:02","guid":{"rendered":"https:\/\/jpic-assumpta.org\/?p=890"},"modified":"2020-04-21T18:00:02","modified_gmt":"2020-04-21T16:00:02","slug":"memoire-de-nos-soeurs-tuees-au-rwanda-le-26-avril-1994","status":"publish","type":"post","link":"https:\/\/jpic-assumpta.org\/index.php\/2020\/04\/21\/memoire-de-nos-soeurs-tuees-au-rwanda-le-26-avril-1994\/","title":{"rendered":"M\u00e9moire de nos soeurs tu\u00e9es au Rwanda le 26 avril 1994"},"content":{"rendered":"\n<p><em>Propositions pour la c\u00e9l\u00e9bration<\/em><\/p>\n\n\n\n<ol class=\"wp-block-list\" type=\"1\"><li><strong>Hymnes :<\/strong><\/li><\/ol>\n\n\n\n<p>Souviens toi de J\u00e9sus-Christ<\/p>\n\n\n\n<p>Il est grand, celui donne la vie [PTP p. 1394 ou A 229-1]<\/p>\n\n\n\n<p><em>Dans la faiblesse de Dieu &#8211; (Pls M)<\/em><\/p>\n\n\n\n<p><em>O vous qui donnez tout &#8211; (Pls M)<\/em><\/p>\n\n\n\n<ul class=\"wp-block-list\"><li><strong>Psaume 2<\/strong>(proposition pour une f\u00eate de martyrs par soeur Danielle Romet r.a.)<\/li><\/ul>\n\n\n\n<p><strong>&#8230;<\/strong><em>fait suite au Ps. 1<\/em>&nbsp;: <em>le chemin du juste \u2013 les m\u00e9chants se perdent\u2026mais interrogation&nbsp;r\u00e9currente : pourquoi prosp\u00e8rent le mal et les m\u00e9chants&nbsp;?<\/em><\/p>\n\n\n\n<p>. Lu d\u2019abord \u00e0 deux voix&nbsp;: le verset (\u00e0 gauche)&nbsp;; quelques \u00e9l\u00e9ments de m\u00e9ditation (\u00e0 droite) \u2013 sans pr\u00e9cipitation<\/p>\n\n\n\n<p>. Puis&nbsp;: toute la communaut\u00e9 relit sans interruption la totalit\u00e9 du psaume 2.<\/p>\n\n\n\n<figure class=\"wp-block-table\"><table><tbody><tr><td>1.<strong>Pourquoi<\/strong> ce tumulte des nations\u2026<\/td><td>\u00ab&nbsp;Pourquoi&nbsp;?&nbsp;\u00bb &#8211; Etonnement&nbsp;!&nbsp; agitations \u2013 excitations dans tous les sens&nbsp;! insens\u00e9 \u2013 \u00ab&nbsp;les nations&nbsp;\u00bb = le monde sauf Isra\u00ebl\u2026<\/td><\/tr><tr><td>Ce vain <strong>murmure<\/strong> des peuples&nbsp;?<\/td><td>Murmure&nbsp;: des sons \u2013 il en sort du vide \u2013 les \u00ab&nbsp;peuples&nbsp;\u00bb ou les \u00ab&nbsp;patries&nbsp;\u00bb (trad. Chouraqui)- constructions humaines<\/td><\/tr><tr><td>2. Les rois de la terre se dressent, les grands <strong>se liguent<\/strong> entre eux contre le SEIGNEUR et son messie&nbsp;:<\/td><td>Ils font bloc \u2013 ils conspirent (souffle en secret) pour des projets humains<\/td><\/tr><tr><td>3. \u00ab&nbsp;Faisons sauter nos chaines, rejetons ces entraves&nbsp;\u00bb&nbsp;!<\/td><td>Brisons les liens \u2013 lesquels&nbsp;? les liens de la discipline &#8211; les liens de l\u2019alliance\u2026&nbsp;<\/td><\/tr><tr><td>4. Celui qui r\u00e8gne dans les cieux <strong>s\u2019en amuse<\/strong>, le SEIGNEUR les tourne en d\u00e9rision&nbsp;<\/td><td>Il rit-dans les cieux celui qui voit tout en bas<\/td><\/tr><tr><td>5. puis il leur parle avec fureur et sa <strong>col\u00e8re<\/strong> les \u00e9pouvante&nbsp;:<\/td><td>Le souffle de Dieu r\u00e9pond \u00e0 la \u00ab&nbsp;conspiration&nbsp;\u00bb &#8211; un souffle \u00e0 force infinie\u2026 pourquoi \u00ab&nbsp;col\u00e8re&nbsp;\u00bb&nbsp;? Parce que ses cr\u00e9atures vont dans le mur<\/td><\/tr><tr><td>6. \u00ab&nbsp;moi, j\u2019ai sacr\u00e9 mon roi sur <strong>Sion<\/strong>, ma sainte montagne&nbsp;\u00bb<\/td><td>Quoiqu\u2019il en soit, voici le projet qui tient<\/td><\/tr><tr><td>7. Je proclame le d\u00e9cret du Seigneur&nbsp;!&nbsp; Il m\u2019a dit&nbsp;: \u00ab&nbsp;<strong>Tu<\/strong> es mon fils&nbsp;; moi aujourd\u2019hui <strong>je<\/strong> t\u2019ai engendr\u00e9.<\/td><td>Un fils \u2013 il y a donc un p\u00e8re \u2013 une filiation peu habituelle<\/td><\/tr><tr><td>8. <strong>demande<\/strong>, et je te donne en h\u00e9ritage les nations, pour domaine la terre tout enti\u00e8re<\/td><td>Je suis pr\u00eat \u00e0 te donner. Disproportion entre \u00ab&nbsp;toute la terre en h\u00e9ritage&nbsp;\u00bb et le roi de la colline de Sion<\/td><\/tr><tr><td>9. Tu les d\u00e9truiras de ton sceptre de fer, tu les briseras comme un vase de potier<\/td><td>Il va falloir s\u2019y atteler, bousculer le bloc de d\u00e9part&nbsp;! le projet divin s\u2019accomplira&nbsp;!<\/td><\/tr><tr><td>10.<strong> maintenant<\/strong>, rois, comprenez, reprenez-vous, juges de la terre<\/td><td>Il est vraiment temps \u2013 mettez toute votre intelligence \u00e0 comprendre (vous qui \u00eates rois), laissez-vous r\u00e9former (vous qui \u00eates juges)<\/td><\/tr><tr><td>11. servez les SEIGNEUR avec <strong>crainte<\/strong>, rendez-lui votre hommage en tremblant.<\/td><td>Crainte r\u00e9v\u00e9rencieuse \u2013 et invitation aussi \u00e0 se r\u00e9jouir, voire \u00ab&nbsp;exulter&nbsp;dans le tremblement&nbsp;\u00bb (trad. Chouraqui)<\/td><\/tr><tr><td>12. qu\u2019il s\u2019irrite et vous \u00eates perdus&nbsp;: soudain sa col\u00e8re \u00e9clatera.<\/td><td>\u00ab&nbsp;embrassez la puret\u00e9, la transparence&nbsp;\u00bb (trad. Chouraqui) \u2013 prenez le chemin du fils \u2013 sinon vous pouvez perdre le chemin (retour au ps. 1)<\/td><\/tr><tr><td>Heureux qui trouve en lui son refuge&nbsp;!<\/td><td>En marche, tous ceux qui s\u2019abritent en lui&nbsp;!<\/td><\/tr><\/tbody><\/table><\/figure>\n\n\n\n<ul class=\"wp-block-list\"><li><strong>Clip Vid\u00e9o&nbsp;: <\/strong>tr\u00e8s beau t\u00e9moignage \u00e0 visionner en entier ou en partie<\/li><\/ul>\n\n\n\n<p><a href=\"http:\/\/emmanuel.info\/actualites\/jentrerai-ciel-dansant\/\">http:\/\/emmanuel.info\/actualites\/jentrerai-ciel-dansant\/<\/a><\/p>\n\n\n\n<p><a href=\"https:\/\/www.youtube.com\/watch?v=NEemPkb-Qr0:\">https:\/\/www.youtube.com\/watch?v=NEemPkb-Qr0:<\/a><\/p>\n\n\n\n<p><em>Le parcours exemplaire, lumineux et tragique d\u2019un couple de Rwandais, Daphrose et Cyprien Rugamba, est pr\u00e9sent\u00e9 dans un documentaire in\u00e9dit, coproduit par Saje et KTO. KTOmag nous a permis de reproduire ici l\u2019interview d\u2019Hubert de Torcy, directeur de Saje et producteur<\/em><\/p>\n\n\n\n<ul class=\"wp-block-list\"><li><strong>Po\u00e8me<\/strong> compos\u00e9 par soeur Paul de la Croix, r.a., \u00e0 prendre en entier ou en partie, en intercallant un refrain&nbsp;:<strong><em>\u00ab&nbsp;il n\u2019est pas de plus grand amour\u2026&nbsp;\u00bb<\/em><\/strong><\/li><\/ul>\n\n\n\n<p>Si je t\u2019oublie BIRAMBO,<\/p>\n\n\n\n<p>\u201cQue ma langue s\u2019attache \u00e0 mon palais\u201d (Ps.136,5-6)<\/p>\n\n\n\n<p>Quand dans les derni\u00e8res dates de Novembre 1954<\/p>\n\n\n\n<p>tu ouvrais tes portes, tout le peuple de Nyantango t\u2019applaudissait,<\/p>\n\n\n\n<p>et toutes ses femmes t\u2019apportaient des pr\u00e9sents.<\/p>\n\n\n\n<p>En ton honneur, toutes sortes d\u2019acclamations resplendissaient.<\/p>\n\n\n\n<p>D\u00e8s lors, beaucoup de jeunes, de pauvres<\/p>\n\n\n\n<p>et d\u2019orphelins ont pris chemin vers toi.<\/p>\n\n\n\n<p>Des maisons ont \u00e9t\u00e9 construites, des \u0153uvres se sont multipli\u00e9es.<\/p>\n\n\n\n<p>Durant 40 ans, des g\u00e9n\u00e9rations et des g\u00e9n\u00e9rations<\/p>\n\n\n\n<p>de femmes savantes ont pass\u00e9 dans tes mains.<\/p>\n\n\n\n<p>Au moment du grand progr\u00e8s du pays,<\/p>\n\n\n\n<p>tu as invent\u00e9 avec lui la marche de la promotion<\/p>\n\n\n\n<p>&nbsp;de la femme Rwandaise.<\/p>\n\n\n\n<p>Ainsi, plusieurs techniques ont \u00e9t\u00e9 d\u00e9velopp\u00e9es :<\/p>\n\n\n\n<p>\u00c9cole m\u00e9nag\u00e8re, Ouvroir et autres Ateliers pour jeunes filles<\/p>\n\n\n\n<p>et femmes ainsi que de petites coop\u00e9ratives, etc.<\/p>\n\n\n\n<p>Pendant ces derni\u00e8res ann\u00e9es 1960-1994, tu as maintenu Isimbi<\/p>\n\n\n\n<p>pour valoriser les m\u00e9tiers \u00e0 des jeunes filles non scolaris\u00e9es.<\/p>\n\n\n\n<p>Tu as fond\u00e9 l\u2019\u00e9cole des Animateurs de la jeunesse,<\/p>\n\n\n\n<p>le C.N. et le Centre de Sant\u00e9.<\/p>\n\n\n\n<p>Oh ! Birambo, aussi lorsque les jours<\/p>\n\n\n\n<p>les plus obscurs ont frapp\u00e9 \u00e0 toutes les portes<\/p>\n\n\n\n<p>du m\u00eame pays de jadis (1994 en Avril),<\/p>\n\n\n\n<p>les tiennes ont \u00e9t\u00e9 aussi grandement ouvertes.<\/p>\n\n\n\n<p>Les petits et les grands se sont avanc\u00e9s pour trouver refuge en ton sein. Les pauvres<\/p>\n\n\n\n<p>et les riches se sont mis ensemble.<\/p>\n\n\n\n<p>Oh ! Communaut\u00e9 de Birambo !<\/p>\n\n\n\n<p>Tes onze s\u0153urs ont v\u00e9cu dans cette m\u00eal\u00e9e.<\/p>\n\n\n\n<p>Cependant, ces hommes qui en voulaient \u00e0 leur vie les ont mises<\/p>\n\n\n\n<p>&nbsp;\u00e0 part, soit disant pour les sauver d\u2019une catastrophe.<\/p>\n\n\n\n<p>Mais, loin du regard n\u2019est pas loin du c\u0153ur,<\/p>\n\n\n\n<p>ta communaut\u00e9 a partag\u00e9 le m\u00eame sort<\/p>\n\n\n\n<p>que tous ces milliers de personnes<\/p>\n\n\n\n<p>qui ne voulaient que la survie \u00e0 l\u2019abri de tes murs Birambo.<\/p>\n\n\n\n<p>Tu as bien voulu les couvrir de tes ailes,<\/p>\n\n\n\n<p>mais les circonstances ne te l\u2019ont pas permis.<\/p>\n\n\n\n<p>Ces ailes ont \u00e9t\u00e9 arrach\u00e9es,<\/p>\n\n\n\n<p>cela se voit \u00e0 travers le d\u00e9labrement de tes plafonds,<\/p>\n\n\n\n<p>les cassures de tes fen\u00eatres et les fissures de tes murs.<\/p>\n\n\n\n<p>Tr\u00e8s ch\u00e8re petite grand-m\u00e8re Assomption de Birambo,<\/p>\n\n\n\n<p>tu as bien connu la folie du message<\/p>\n\n\n\n<p>dans cette faiblesse humaine de ton pays (1 Cor. 1,17).<\/p>\n\n\n\n<p>Pour cette foule immense qui repose dans tes alentours,<\/p>\n\n\n\n<p>sois remerci\u00e9e, car tu as pr\u00e9sent\u00e9 ta face,<\/p>\n\n\n\n<p>et elle a \u00e9t\u00e9 flagell\u00e9e.<\/p>\n\n\n\n<p>Enfin tu as v\u00e9cu avec ces troupes comme J\u00e9sus ton ma\u00eetre<\/p>\n\n\n\n<p>au dur moment du couronnement d\u2019\u00e9pines (Mt 27, 27-31).<\/p>\n\n\n\n<p>Oui, Birambo, ton chef ne t\u2019as pas envoy\u00e9 multiplier des \u0153uvres<\/p>\n\n\n\n<p>seulement, ni baptiser, mais surtout annoncer l\u2019\u00c9vangile<\/p>\n\n\n\n<p>jusqu\u2019\u00e0 la folie de sa croix. Cette folie que d\u00e9couvrent ceux<\/p>\n\n\n\n<p>qui reconnaissent la puissance de Dieu<\/p>\n\n\n\n<p>l\u00e0 o\u00f9 le monde ne perce pas.<\/p>\n\n\n\n<p>N\u2019aie pas peur Birambo,<\/p>\n\n\n\n<p>ton architecte est vivant aujourd\u2019hui comme hier.<\/p>\n\n\n\n<p>Tes trois jours viendront et les murs de ta communaut\u00e9<\/p>\n\n\n\n<p>et de ton \u00e9cole seront reconstruits.<\/p>\n\n\n\n<p>Celle qui a invent\u00e9 le langage du secours \u00e0 Cana,<\/p>\n\n\n\n<p>reste toujours \u00e0 tes c\u00f4t\u00e9s.<\/p>\n\n\n\n<p>Celui qui l\u2019a aussi gard\u00e9 et a d\u00e9fendu le Fils de l\u2019Homme<\/p>\n\n\n\n<p>des secousses des puissants du monde,<\/p>\n\n\n\n<p>ne serait-il pas aussi ton Chef ?<\/p>\n\n\n\n<p>Et tes fondatrices, tes cinq s\u0153urs, tes amis qui t\u2019ont vu saccag\u00e9e<\/p>\n\n\n\n<p>ne t\u2019encourageront-ils pas du haut du ciel?<\/p>\n\n\n\n<p>Birambo, n\u2019aie pas peur tu te rel\u00e8veras.<\/p>\n\n\n\n<p>Tu es l\u2019\u00e2me qui s\u2019\u00e9l\u00e8ve, tu \u00e9l\u00e8veras bient\u00f4t le monde.<\/p>\n\n\n\n<p>Courage, ch\u00e8re petite grand-M\u00e8re Assomptiade Rwandaise.<\/p>\n\n\n\n<p>tu seras toujours sa fille a\u00een\u00e9e<\/p>\n\n\n\n<p>et mod\u00e8le de la fid\u00e9lit\u00e9 au Christ ton \u00e9poux.<\/p>\n\n\n\n<p>S\u0153ur Paul de la Croix (publi\u00e9 en \u00ab&nbsp;Partage Auteuil&nbsp;\u00bb no. 68)<\/p>\n\n\n\n<p>Ou lecture du t\u00e9moignage de soeur Bernadette Emmanuel (\u00ab&nbsp;Partage Auteuil&nbsp;\u00bb no. 65 page 22)<\/p>\n\n\n\n<figure class=\"wp-block-image size-medium\"><img fetchpriority=\"high\" decoding=\"async\" width=\"169\" height=\"300\" src=\"https:\/\/jpic-assumpta.org\/wp-content\/uploads\/2020\/04\/BIRAMBO-tombe-soeurs-169x300.png\" alt=\"\" class=\"wp-image-895\" srcset=\"https:\/\/jpic-assumpta.org\/wp-content\/uploads\/2020\/04\/BIRAMBO-tombe-soeurs-169x300.png 169w, https:\/\/jpic-assumpta.org\/wp-content\/uploads\/2020\/04\/BIRAMBO-tombe-soeurs-576x1024.png 576w, https:\/\/jpic-assumpta.org\/wp-content\/uploads\/2020\/04\/BIRAMBO-tombe-soeurs.png 633w\" sizes=\"(max-width: 169px) 100vw, 169px\" \/><\/figure>\n\n\n\n<p><\/p>\n\n\n\n<ul class=\"wp-block-list\"><li><strong>Pri\u00e8res d\u2019intercession<\/strong><\/li><\/ul>\n\n\n\n<p><strong>Pri\u00e8re pour la Paix<\/strong><\/p>\n\n\n\n<p>(Initiative \u00ab Religieux allemands pour la Paix \u00bb)<\/p>\n\n\n\n<p>Dieu, Tu es le Dieu de la Vie, et tu veux que nous ayons la vie en abondance dans ta cr\u00e9ation.<\/p>\n\n\n\n<p>Nous venons \u00e0 toi, plein de peur, embarrass\u00e9s et impuissants face \u00e0 la violence autour de nous et en nous.<\/p>\n\n\n\n<p>Convertis nos c\u0153urs pour que nous soyons des hommes qui portent ta paix en monde.<\/p>\n\n\n\n<p>B\u00e9nis, avec ton Esprit d\u2019imagination cr\u00e9ative et de patience, tous ceux qui marchent avec nous sur le chemin, vers ton royaume de Paix.<\/p>\n\n\n\n<p>Envoie ton Esprit dans les c\u0153urs de ceux qui sont pris dans la toile de la violence \u2013 en tant qu\u2019auteurs ou victimes \u2013 et ne nous laisses jamais abandonner la recherche de dialogue avec eux.<\/p>\n\n\n\n<p>Tu es notre P\u00e8re et tu nous as montr\u00e9 en notre Fr\u00e8re J\u00e9sus Christ, comment nous pouvons vaincre la violence et instaurer la paix.<\/p>\n\n\n\n<p><strong>Si tu veux la paix\u2026.<\/strong><\/p>\n\n\n\n<p>(Grand Rabbin Ren\u00e9-Samuel SIRAT)<\/p>\n\n\n\n<p>Si tu veux la paix, prepare\u2026<\/p>\n\n\n\n<p>\u2026 Surtout, ne pr\u00e9pare pas la guerre.<\/p>\n\n\n\n<p>Bien au contraire, si tu veux la paix, pr\u00e9pare d\u00b4abord la fraternit\u00e9.<\/p>\n\n\n\n<p>Mais aussi, si tu veux la paix, pr\u00e9pare l\u00b4enseignement de l\u00b4amour du prochain.<\/p>\n\n\n\n<p>Car, en effet, si tu veux la paix, donne la priorit\u00e9 des priorit\u00e9s \u00e0 l\u00b4\u00e9ducation.<\/p>\n\n\n\n<p>Mais n\u00b4oublie pas : si tu veux la paix, pr\u00e9pare la justice et respecte la dignit\u00e9 de l\u00b4adversaire.<\/p>\n\n\n\n<p>Mais aussi, si tu veux la paix, purifie les m\u00e9moires.<\/p>\n\n\n\n<p>Si tu veux la paix, pr\u00e9pare la v\u00e9rit\u00e9.<\/p>\n\n\n\n<p>Surtout, si tu veux la paix, pr\u00e9pare la solidarit\u00e9.<\/p>\n\n\n\n<p>Enfin, si tu veux la paix, pr\u00e9pare la mis\u00e9ricorde.<\/p>\n\n\n\n<p>Alors, si tu pr\u00e9pares tout cela, la paix te sera donn\u00e9e par surcro\u00eet.<\/p>\n\n\n\n<p>Refrain de Taiz\u00e9 \u00a0\u00bb Fiez-vous en Lui, ne craignez pas \u00ab\u00a0<\/p>\n\n\n\n<p><strong>Il faut arriver \u00e0 se d\u00e9sarmer<\/strong><\/p>\n\n\n\n<p>(Patriarche Ath\u00e9nagoras)<\/p>\n\n\n\n<p>Il faut mener la guerre la plus dure contre soi-m\u00eame.<\/p>\n\n\n\n<p>Il faut arriver \u00e0 se d\u00e9sarmer.<\/p>\n\n\n\n<p>J\u2019ai men\u00e9 cette guerre pendant des ann\u00e9es, elle a \u00e9t\u00e9 terrible.<\/p>\n\n\n\n<p>Mais je suis d\u00e9sarm\u00e9.<\/p>\n\n\n\n<p>Je n\u2019ai plus peur de rien, car l\u2019amour chasse la peur.<\/p>\n\n\n\n<p>Je suis d\u00e9sarm\u00e9 de la volont\u00e9 d\u2019avoir raison,<\/p>\n\n\n\n<p>de me justifier en disqualifiant les autres.<\/p>\n\n\n\n<p>Je ne suis plus sur mes gardes, jalousement crisp\u00e9 sur mes richesses.<\/p>\n\n\n\n<p>J\u2019accueille et je partage.<\/p>\n\n\n\n<p>Je ne tiens pas particuli\u00e8rement \u00e0 mes id\u00e9es, \u00e0 mes projets.<\/p>\n\n\n\n<p>Si l\u2019on m\u2019en pr\u00e9sente de meilleurs,<\/p>\n\n\n\n<p>ou plut\u00f4t non, pas meilleurs, mais bons, j\u2019accepte sans regrets.<\/p>\n\n\n\n<p>J\u2019ai renonc\u00e9 au comparatif.<\/p>\n\n\n\n<p>Ce qui est bon, vrai, r\u00e9el, est toujours pour moi le meilleur.<\/p>\n\n\n\n<p>C\u2019est pourquoi je n\u2019ai plus peur. Quand on n\u2019a plus rien, on n\u2019a plus peur.<\/p>\n\n\n\n<p>Si l\u2019on se d\u00e9sarme, si l\u2019on se d\u00e9poss\u00e8de,<\/p>\n\n\n\n<p>si l\u2019on s\u2019ouvre au Dieu-Homme qui fait toutes choses nouvelles,<\/p>\n\n\n\n<p>alors, Lui, efface le mauvais pass\u00e9<\/p>\n\n\n\n<p>et nous rend un temps neuf o\u00f9 tout est possible.<\/p>\n\n\n\n<figure class=\"wp-block-embed-wordpress wp-block-embed is-type-wp-embed is-provider-maison-de-la-paix\"><div class=\"wp-block-embed__wrapper\">\n<blockquote class=\"wp-embedded-content\" data-secret=\"ycap50JtCq\"><a href=\"https:\/\/maisondelapaix-normandie.org\/batir-la-paix-comment\/par-un-travail-interieur\/prieres-pour-la-paix\/\">Pri\u00e8res pour la Paix<\/a><\/blockquote><iframe title=\"\u00ab\u00a0Pri\u00e8res pour la Paix\u00a0\u00bb &#8212; Maison de la Paix\" class=\"wp-embedded-content\" sandbox=\"allow-scripts\" security=\"restricted\" style=\"position: absolute; clip: rect(1px, 1px, 1px, 1px);\" src=\"https:\/\/maisondelapaix-normandie.org\/batir-la-paix-comment\/par-un-travail-interieur\/prieres-pour-la-paix\/embed\/#?secret=ycap50JtCq\" data-secret=\"ycap50JtCq\" width=\"600\" height=\"338\" frameborder=\"0\" marginwidth=\"0\" marginheight=\"0\" scrolling=\"no\"><\/iframe>\n<\/div><\/figure>\n\n\n\n<div class=\"wp-block-file\"><a href=\"https:\/\/jpic-assumpta.org\/wp-content\/uploads\/2020\/04\/FR-26-avril_Memoire-pour-nos-soeurs-de-Rwanda.pdf\">FR-26-avril_Memoire-pour-nos-soeurs-de-Rwanda<\/a><a href=\"https:\/\/jpic-assumpta.org\/wp-content\/uploads\/2020\/04\/FR-26-avril_Memoire-pour-nos-soeurs-de-Rwanda.pdf\" class=\"wp-block-file__button\" download>T\u00e9l\u00e9charger<\/a><\/div>\n\n\n\n<div class=\"wp-block-file\"><a href=\"https:\/\/jpic-assumpta.org\/wp-content\/uploads\/2020\/04\/ES-26-de-abril_Memoria-de-nuestras-hermanas-de-Ruanda.pdf\">ES-26-de-abril_Memoria-de-nuestras-hermanas-de-Ruanda<\/a><a href=\"https:\/\/jpic-assumpta.org\/wp-content\/uploads\/2020\/04\/ES-26-de-abril_Memoria-de-nuestras-hermanas-de-Ruanda.pdf\" class=\"wp-block-file__button\" download>T\u00e9l\u00e9charger<\/a><\/div>\n\n\n\n<div class=\"wp-block-file\"><a href=\"https:\/\/jpic-assumpta.org\/wp-content\/uploads\/2020\/04\/EN-April-26.pdf\">EN-April-26<\/a><a href=\"https:\/\/jpic-assumpta.org\/wp-content\/uploads\/2020\/04\/EN-April-26.pdf\" class=\"wp-block-file__button\" download>T\u00e9l\u00e9charger<\/a><\/div>\n","protected":false},"excerpt":{"rendered":"<p>Propositions pour la c\u00e9l\u00e9bration Hymnes : Souviens toi de J\u00e9sus-Christ Il est grand, celui donne la vie [PTP p. 1394 ou A 229-1] Dans la faiblesse de Dieu &#8211; (Pls M) O vous qui donnez tout &#8211; (Pls M) Psaume 2(proposition pour une f\u00eate de martyrs par soeur Danielle Romet r.a.) &#8230;fait suite au Ps. [&hellip;]<\/p>\n","protected":false},"author":2,"featured_media":891,"comment_status":"open","ping_status":"closed","sticky":false,"template":"","format":"standard","meta":{"footnotes":""},"categories":[8,9],"tags":[5],"class_list":["post-890","post","type-post","status-publish","format-standard","has-post-thumbnail","hentry","category-celebration","category-prieres","tag-francais"],"_links":{"self":[{"href":"https:\/\/jpic-assumpta.org\/index.php\/wp-json\/wp\/v2\/posts\/890","targetHints":{"allow":["GET"]}}],"collection":[{"href":"https:\/\/jpic-assumpta.org\/index.php\/wp-json\/wp\/v2\/posts"}],"about":[{"href":"https:\/\/jpic-assumpta.org\/index.php\/wp-json\/wp\/v2\/types\/post"}],"author":[{"embeddable":true,"href":"https:\/\/jpic-assumpta.org\/index.php\/wp-json\/wp\/v2\/users\/2"}],"replies":[{"embeddable":true,"href":"https:\/\/jpic-assumpta.org\/index.php\/wp-json\/wp\/v2\/comments?post=890"}],"version-history":[{"count":2,"href":"https:\/\/jpic-assumpta.org\/index.php\/wp-json\/wp\/v2\/posts\/890\/revisions"}],"predecessor-version":[{"id":897,"href":"https:\/\/jpic-assumpta.org\/index.php\/wp-json\/wp\/v2\/posts\/890\/revisions\/897"}],"wp:featuredmedia":[{"embeddable":true,"href":"https:\/\/jpic-assumpta.org\/index.php\/wp-json\/wp\/v2\/media\/891"}],"wp:attachment":[{"href":"https:\/\/jpic-assumpta.org\/index.php\/wp-json\/wp\/v2\/media?parent=890"}],"wp:term":[{"taxonomy":"category","embeddable":true,"href":"https:\/\/jpic-assumpta.org\/index.php\/wp-json\/wp\/v2\/categories?post=890"},{"taxonomy":"post_tag","embeddable":true,"href":"https:\/\/jpic-assumpta.org\/index.php\/wp-json\/wp\/v2\/tags?post=890"}],"curies":[{"name":"wp","href":"https:\/\/api.w.org\/{rel}","templated":true}]}}