{"id":312,"date":"2018-11-08T16:33:00","date_gmt":"2018-11-08T16:33:00","guid":{"rendered":"https:\/\/jpic-assumpta.org\/?p=312"},"modified":"2020-01-27T16:33:56","modified_gmt":"2020-01-27T16:33:56","slug":"jose-a-la-guerre-de-kenge","status":"publish","type":"post","link":"https:\/\/jpic-assumpta.org\/index.php\/2018\/11\/08\/jose-a-la-guerre-de-kenge\/","title":{"rendered":"Jos\u00e9 \u00e0 la Guerre de Kenge"},"content":{"rendered":"\n<p><em><strong>Je m\u2019appelle Jos\u00e9 X. Je vous remercie pour l\u2019occasion que vous m\u2019avez offerte pour t\u00e9moigner les p\u00e9rip\u00e9ties de la trag\u00e9die qui a entrain\u00e9 ma fuite de ma ville natale de Kenge pour m\u2019installer d\u00e9finitivement \u00e0 Kinshasa. Il reste vrai, en R\u00e9publique D\u00e9mocratique du Congo, que plusieurs personnes ont v\u00e9cu ce genre de d\u00e9sastres, et tout r\u00e9cemment, d\u2019autres personnes les vivent en longueur de journ\u00e9e.<\/strong><\/em><br><\/p>\n\n\n\n<p><em><br>En effet, c\u2019est en mai 1997 lors de la lib\u00e9ration de la RDC par les troupes de l\u2019Alliance D\u00e9mocratique pour la lib\u00e9ration du Congo, AFDL en sigle, que se sont d\u00e9roul\u00e9s ces \u00e9v\u00e9nements macabres.<\/em><\/p>\n\n\n\n<p><em><br>Kenge est la derni\u00e8re ville situ\u00e9e \u00e0 220 km de Kinshasa. Ce fut un dimanche vers 11h, o\u00f9 nous avons aper\u00e7u les colonnes des militaires qui circulaient \u00e0 travers les rues, diffusant au moyen d\u2019un microphone la nouvelle selon laquelle \u00ab&nbsp;ne fuyez pas\u2026 nous sommes des lib\u00e9rateurs, nous sommes venus vous sauver de la dictature de Mobutu&nbsp;\u00bb.&nbsp;<\/em><\/p>\n\n\n\n<p><em><br>Les citoyens de la ville ont accueilli ces pr\u00e9tendus lib\u00e9rateurs qui \u00e9taient en r\u00e9alit\u00e9 les \u00e9l\u00e9ments des Forces Arm\u00e9es Za\u00efroises (FAZ) mais d\u00e9guis\u00e9s en troupe de l\u2019AFDL.<\/em><\/p>\n\n\n\n<p><em><br>Les premiers groupes de jeunes qui se sont approch\u00e9s \u00e0 ces militaires pour les accueillir ont \u00e9t\u00e9 tous abattus \u00e0 bout portant. Quand la nouvelle s\u2019est rependue \u00e0 travers la cit\u00e9, certains jeunes ont commenc\u00e9 \u00e0 fuir la ville. Moi, je suis d\u00e9cid\u00e9 d\u2019y rester encore pour surveiller nos ch\u00e8vres. Malheureusement, les militaires de l\u2019arm\u00e9e de Mobutu qui occupaient la ville avaient pris possession des \u00e9glises, et curieusement, toutes les personnes qui entraient dans ces \u00e9glises disparaissaient imm\u00e9diatement, parce qu\u2019elles furent abattues.&nbsp;<\/em><\/p>\n\n\n\n<p><em><br>Finalement, moi et ma m\u00e8re avons d\u00e9cid\u00e9 de fuir en empruntant le sentier qui m\u00e8ne de Kenge jusqu\u2019\u00e0 atteindre la route principale nationale n\u00b02 plusieurs devant. Dans l\u2019entretemps, au fur et \u00e0 mesure qu\u2019on avan\u00e7ait, on entendait les cr\u00e9pitements des armes l\u00e9g\u00e8res, et quelques minutes plus tard quand nous avons franchi une dizaine de kilom\u00e8tres dans la brousse, nous avons entendu les explosions des armes lourdes, les obusiers et chars de combat.<\/em><\/p>\n\n\n\n<p><em><br>Heureusement pour nous, juste \u00e0 la sortie de la route principale, nous avons rencontr\u00e9 un particulier qui \u00e0 bord de sa jeep Land-Cruzer 4&#215;4 qui a eu l\u2019amabilit\u00e9 de nous transporter jusqu\u2019\u00e0 Kinshasa. Un an plus tard quand je suis rentr\u00e9 pour visiter ma ville, j\u2019ai fait un malheureux constat de la disparition de mes amis du quartier, tous l\u00e2chement abattus.<\/em><\/p>\n\n\n\n<p><em><br>Arriv\u00e9s \u00e0 Kinshasa, parce qu\u2019il fallait vivre des moments difficiles, sans emplois ni moyens de subsistance, la vie de ma famille s\u2019est compliqu\u00e9e, jusqu\u2019au jour o\u00f9 j\u2019ai d\u00e9cid\u00e9 d\u2019entreprendre les \u00e9tudes universitaires. La fin de mes \u00e9tudes a r\u00e9confort\u00e9 ma famille et je reste le t\u00e9moin des atrocit\u00e9s de Kenge et les cons\u00e9quences qui s\u2019en sont suivies.<\/em><\/p>\n\n\n\n<p><em><br>La guerre est une mauvaise exp\u00e9rience que d\u2019aucuns ne peuvent supporter.<\/em><\/p>\n","protected":false},"excerpt":{"rendered":"<p>Je m\u2019appelle Jos\u00e9 X. Je vous remercie pour l\u2019occasion que vous m\u2019avez offerte pour t\u00e9moigner les p\u00e9rip\u00e9ties de la trag\u00e9die qui a entrain\u00e9 ma fuite de ma ville natale de Kenge pour m\u2019installer d\u00e9finitivement \u00e0 Kinshasa. Il reste vrai, en R\u00e9publique D\u00e9mocratique du Congo, que plusieurs personnes ont v\u00e9cu ce genre de d\u00e9sastres, et tout [&hellip;]<\/p>\n","protected":false},"author":1,"featured_media":313,"comment_status":"closed","ping_status":"closed","sticky":false,"template":"","format":"standard","meta":{"footnotes":""},"categories":[15,16],"tags":[5],"class_list":["post-312","post","type-post","status-publish","format-standard","has-post-thumbnail","hentry","category-action","category-temoignages","tag-francais"],"_links":{"self":[{"href":"https:\/\/jpic-assumpta.org\/index.php\/wp-json\/wp\/v2\/posts\/312","targetHints":{"allow":["GET"]}}],"collection":[{"href":"https:\/\/jpic-assumpta.org\/index.php\/wp-json\/wp\/v2\/posts"}],"about":[{"href":"https:\/\/jpic-assumpta.org\/index.php\/wp-json\/wp\/v2\/types\/post"}],"author":[{"embeddable":true,"href":"https:\/\/jpic-assumpta.org\/index.php\/wp-json\/wp\/v2\/users\/1"}],"replies":[{"embeddable":true,"href":"https:\/\/jpic-assumpta.org\/index.php\/wp-json\/wp\/v2\/comments?post=312"}],"version-history":[{"count":2,"href":"https:\/\/jpic-assumpta.org\/index.php\/wp-json\/wp\/v2\/posts\/312\/revisions"}],"predecessor-version":[{"id":315,"href":"https:\/\/jpic-assumpta.org\/index.php\/wp-json\/wp\/v2\/posts\/312\/revisions\/315"}],"wp:featuredmedia":[{"embeddable":true,"href":"https:\/\/jpic-assumpta.org\/index.php\/wp-json\/wp\/v2\/media\/313"}],"wp:attachment":[{"href":"https:\/\/jpic-assumpta.org\/index.php\/wp-json\/wp\/v2\/media?parent=312"}],"wp:term":[{"taxonomy":"category","embeddable":true,"href":"https:\/\/jpic-assumpta.org\/index.php\/wp-json\/wp\/v2\/categories?post=312"},{"taxonomy":"post_tag","embeddable":true,"href":"https:\/\/jpic-assumpta.org\/index.php\/wp-json\/wp\/v2\/tags?post=312"}],"curies":[{"name":"wp","href":"https:\/\/api.w.org\/{rel}","templated":true}]}}