{"id":2902,"date":"2026-08-30T11:47:00","date_gmt":"2026-08-30T09:47:00","guid":{"rendered":"https:\/\/jpic-assumpta.org\/?p=2902"},"modified":"2026-08-30T11:47:02","modified_gmt":"2026-08-30T09:47:02","slug":"la-communaute-de-long-an-duc-lap-tay-ninh-le-nouveau-nom-apres-le-regroupement-administratif","status":"publish","type":"post","link":"https:\/\/jpic-assumpta.org\/index.php\/2026\/08\/30\/la-communaute-de-long-an-duc-lap-tay-ninh-le-nouveau-nom-apres-le-regroupement-administratif\/","title":{"rendered":"La communaut\u00e9 de Long An (\u0110\u1ee9c L\u1eadp-T\u00e2y Ninh \u2018le nouveau nom apr\u00e8s le regroupement administratif\u2019)"},"content":{"rendered":"\n<p class=\"wp-block-paragraph\">MISSIONS DE LA COMMUNAUT\u00c9 ET DE SES MEMBRES<\/p>\n\n\n\n<p class=\"wp-block-paragraph\">La Communaut\u00e9 M\u1ef9 Hanh a \u00e9t\u00e9 cr\u00e9\u00e9e en 2023 et elle poss\u00e8de une forte dimension sociale. En plus de construire une vie communautaire remplie de fraternit\u00e9 et d\u2019unit\u00e9, les fr\u00e8res pr\u00e9sents ici veulent aussi faire r\u00e9gner le Royaume de Dieu \u00e0 travers certaines des \u0153uvres apostoliques concr\u00e8tes telles que\u00a0: <\/p>\n\n\n\n<figure class=\"wp-block-image size-large\"><img fetchpriority=\"high\" decoding=\"async\" width=\"1024\" height=\"768\" src=\"https:\/\/jpic-assumpta.org\/wp-content\/uploads\/2026\/08\/act.1-1024x768.jpg\" alt=\"\" class=\"wp-image-2904\" srcset=\"https:\/\/jpic-assumpta.org\/wp-content\/uploads\/2026\/08\/act.1-1024x768.jpg 1024w, https:\/\/jpic-assumpta.org\/wp-content\/uploads\/2026\/08\/act.1-300x225.jpg 300w, https:\/\/jpic-assumpta.org\/wp-content\/uploads\/2026\/08\/act.1-768x576.jpg 768w, https:\/\/jpic-assumpta.org\/wp-content\/uploads\/2026\/08\/act.1-1536x1152.jpg 1536w, https:\/\/jpic-assumpta.org\/wp-content\/uploads\/2026\/08\/act.1.jpg 2048w\" sizes=\"(max-width: 1024px) 100vw, 1024px\" \/><\/figure>\n\n\n\n<p class=\"wp-block-paragraph\">1. L\u2019accompagnement des ouvriers : tout d&rsquo;abord, nous pr\u00eatons attention (\u00e0 la) aux maisons pour les ouvri\u00e8res de la Congr\u00e9gation. Il s\u2019agit de faire de ces pensions des lieux o\u00f9 r\u00e8gne l\u2019esprit de famille, afin que tous les membres sachent s\u2019aimer et prendre soin les uns des autres. De plus, la communaut\u00e9 accompagne et soutient \u00e9galement les autres travailleurs ainsi que ceux qui font face \u00e0 des situations difficiles, au manque de ressources mat\u00e9rielles ou spirituelles Notre pension dispose de 22 chambres et accueille 41 personnes. Une fois par mois, nous organisons une r\u00e9union : d\u2019abord pour rappeler les points essentiels du r\u00e8glement et de la vie commune, ensuite pour permettre \u00e0 chacun de se rencontrer et d\u2019approfondir un th\u00e8me, tel que la gestion financi\u00e8re, la r\u00e9solution des conflits, l\u2019\u00e9ducation des enfants, la pi\u00e9t\u00e9 filiale envers les parents, etc.<\/p>\n\n\n\n<figure class=\"wp-block-image size-large\"><img decoding=\"async\" width=\"1024\" height=\"768\" src=\"https:\/\/jpic-assumpta.org\/wp-content\/uploads\/2026\/08\/act.1-1-1024x768.jpg\" alt=\"\" class=\"wp-image-2905\" srcset=\"https:\/\/jpic-assumpta.org\/wp-content\/uploads\/2026\/08\/act.1-1-1024x768.jpg 1024w, https:\/\/jpic-assumpta.org\/wp-content\/uploads\/2026\/08\/act.1-1-300x225.jpg 300w, https:\/\/jpic-assumpta.org\/wp-content\/uploads\/2026\/08\/act.1-1-768x576.jpg 768w, https:\/\/jpic-assumpta.org\/wp-content\/uploads\/2026\/08\/act.1-1-1536x1152.jpg 1536w, https:\/\/jpic-assumpta.org\/wp-content\/uploads\/2026\/08\/act.1-1.jpg 2048w\" sizes=\"(max-width: 1024px) 100vw, 1024px\" \/><\/figure>\n\n\n\n<p class=\"wp-block-paragraph\">2. L\u2019accompagnement des projets de bourses d\u2019\u00e9tudes Le projet de bourses d\u2019\u00e9tude a \u00e9t\u00e9 fond\u00e9 depuis 2006 par nos fr\u00e8res : Paul Nguyen Van Dong (d\u00e9c\u00e9d\u00e9 en 2011), Paul Nguyen Van Hung. Ce projet offre une aide mat\u00e9riel et spirituel aux jeunes en situation de pr\u00e9carit\u00e9 financi\u00e8rement et qui poursuivent encore les \u00e9tudes. Ce projet donne la possibilit\u00e9 de travailler en collaboration entre les religieux (ses) et les la\u00efcs pour l\u2019\u00e9ducation des jeunes. La dur\u00e9e est une ann\u00e9e renouvelable. Chaque groupe se compose entre 5 \u00e0 15 membres avec un accompagnateur pr\u00eatre ou religieux (se), un responsable, un (e) tr\u00e9sorier (\u00e8re), un (e) secr\u00e9taire et des membres. Toute l\u2019\u00e9quipe cherche des fonds et des jeunes pour donner des bourses d\u2019\u00e9tude une fois par an. Il existe actuellement quatre groupes de bourses \u00ab Nh\u00e2n \u00c1i \u00bb (Vinh, Long An, B\u00e0 R\u1ecba-V\u0169ng T\u00e0u, Saigon), chaque groupe comptant environ cinq \u00e0 quinze membres. La communaut\u00e9 organise des rencontres, accompagne les membres engag\u00e9s dans ces groupes ainsi que les boursiers, pr\u00e9sente les projets aux bienfaiteurs et lance des appels \u00e0 l\u2019aide.<\/p>\n\n\n\n<figure class=\"wp-block-image size-full\"><img decoding=\"async\" width=\"1024\" height=\"768\" src=\"https:\/\/jpic-assumpta.org\/wp-content\/uploads\/2026\/08\/act.2.jpg\" alt=\"\" class=\"wp-image-2906\" srcset=\"https:\/\/jpic-assumpta.org\/wp-content\/uploads\/2026\/08\/act.2.jpg 1024w, https:\/\/jpic-assumpta.org\/wp-content\/uploads\/2026\/08\/act.2-300x225.jpg 300w, https:\/\/jpic-assumpta.org\/wp-content\/uploads\/2026\/08\/act.2-768x576.jpg 768w\" sizes=\"(max-width: 1024px) 100vw, 1024px\" \/><\/figure>\n\n\n\n<p class=\"wp-block-paragraph\">Depuis la fondation de la communaut\u00e9, le fonds de bourses est g\u00e9r\u00e9 et accompagn\u00e9 par celle ci. Chaque ann\u00e9e, ces groupes attribuent environ 200 bourses d\u2019\u00e9tude aux jeunes du primaire \u00e0 l\u2019universit\u00e9 (environ 35 \u00e9tudiants universitaires, 35 \u00e9l\u00e8ves du lyc\u00e9e et 130 \u00e9l\u00e8ves du primaire et du coll\u00e8ge). Les groupes organisent \u00e9galement des visites et offrent des dons \u00e0 environ 80 personnes en situation difficile, chaque don s\u2019\u00e9levant \u00e0 500.000 \u0111. Le budget total annuel des quatre groupes est d\u2019environ 600.000.000 \u0111- 700.000.000 \u0111 \u2248 20.000 \u00e0 25.000 euros.<\/p>\n\n\n\n<figure class=\"wp-block-image size-large\"><img loading=\"lazy\" decoding=\"async\" width=\"1024\" height=\"768\" src=\"https:\/\/jpic-assumpta.org\/wp-content\/uploads\/2026\/08\/act.2-1-1024x768.jpg\" alt=\"\" class=\"wp-image-2907\" srcset=\"https:\/\/jpic-assumpta.org\/wp-content\/uploads\/2026\/08\/act.2-1-1024x768.jpg 1024w, https:\/\/jpic-assumpta.org\/wp-content\/uploads\/2026\/08\/act.2-1-300x225.jpg 300w, https:\/\/jpic-assumpta.org\/wp-content\/uploads\/2026\/08\/act.2-1-768x576.jpg 768w, https:\/\/jpic-assumpta.org\/wp-content\/uploads\/2026\/08\/act.2-1-1536x1152.jpg 1536w, https:\/\/jpic-assumpta.org\/wp-content\/uploads\/2026\/08\/act.2-1.jpg 2048w\" sizes=\"(max-width: 1024px) 100vw, 1024px\" \/><\/figure>\n\n\n\n<p class=\"wp-block-paragraph\">3. L\u2019accompagnement du groupe \u00ab Rau Canh \u00bb, ce groupe a \u00e9t\u00e9 cr\u00e9\u00e9 en 2021, qui rassemble plus de trentaine personnes (la\u00efcs et religieux (ses)). Anim\u00e9s de bonne volont\u00e9, ils d\u00e9sirent visiter et aider les petits, les pauvres et les malades. Ce groupe organise une activit\u00e9 d\u2019une journ\u00e9e du dimanche par mois. Une fois sur deux les membres s\u2019organise en petits groupes pour aller visiter trois \u00e0 cinq familles en situation de pr\u00e9carit\u00e9 dans la matin\u00e9e puis tous se r\u00e9unissent pour le d\u00e9jeuner ensemble et l\u2019apr\u00e8s-midi, ils font un bilan des personnes visit\u00e9es et organisent le programme du mois prochain est une journ\u00e9e de r\u00e9collection pour ces personnes et pour d\u2019autres personnes. Le nombre d\u00e9 participants \u00e0 cette journ\u00e9e de retraite est vari\u00e9 entre 40 \u00e0 80 personnes. Par exemple : l\u2019ann\u00e9e 2025 le groupe a re\u00e7u de la part des bienfaiteurs et des membres le montant total 128.042.000 \u0111 \u2248 4.573 euros, les d\u00e9penses 122.532.000 \u0111 \u2248 4.376 euros. Le reste 5.510.000 \u0111 \u2248 197 euros. Les membres de groupe ont visit\u00e9 et aid\u00e9 de plus 70 cas en face difficult\u00e9. Tous les deux mois, le groupe organise une retraite le dimanche et accueille de 70 \u00e0 100 participants. La communaut\u00e9 prend \u00e9galement soin des pauvres et des malades, tant physiques que mentaux, lorsqu\u2019ils ont besoin d\u2019aide. La communaut\u00e9 aide \u00e9galement les personnes vivant dans des situations d\u2019endettement. L\u2019ann\u00e9e 2025 Le groupe a \u00e9galement organis\u00e9 deux p\u00e8lerinages pour plus de 25 personnes handicap\u00e9es pauvres, avec une d\u00e9pense de 56.800.000 \u0111 \u2248 2.029 euros. Le reste du fonds de p\u00e8lerinage pour les personnes handicap\u00e9es pauvres et les pauvres est 37.200.000 \u0111 \u2248 1.329 euros \u00c0 la paroisse, la communaut\u00e9 visite \u00e9galement les malades et les personnes \u00e2g\u00e9es, ainsi qu\u2019elle leur porte la communion. Elle visite et aide aussi ceux qui se trouvent dans des situations difficiles, sans discrimination de religion.<\/p>\n\n\n\n<figure class=\"wp-block-image size-large\"><img loading=\"lazy\" decoding=\"async\" width=\"1024\" height=\"768\" src=\"https:\/\/jpic-assumpta.org\/wp-content\/uploads\/2026\/08\/act.3-1-1024x768.jpg\" alt=\"\" class=\"wp-image-2908\" srcset=\"https:\/\/jpic-assumpta.org\/wp-content\/uploads\/2026\/08\/act.3-1-1024x768.jpg 1024w, https:\/\/jpic-assumpta.org\/wp-content\/uploads\/2026\/08\/act.3-1-300x225.jpg 300w, https:\/\/jpic-assumpta.org\/wp-content\/uploads\/2026\/08\/act.3-1-768x576.jpg 768w, https:\/\/jpic-assumpta.org\/wp-content\/uploads\/2026\/08\/act.3-1-1536x1152.jpg 1536w, https:\/\/jpic-assumpta.org\/wp-content\/uploads\/2026\/08\/act.3-1-2048x1536.jpg 2048w\" sizes=\"(max-width: 1024px) 100vw, 1024px\" \/><\/figure>\n\n\n\n<p class=\"wp-block-paragraph\">4. Classe de charit\u00e9 (alphab\u00e9tisation) : Pour aller \u00e0 l\u2019\u00e9cole, les enfants doivent avoir des papiers complets. Cependant, certains n\u2019en ont pas parce que leurs parents ne sont pas mari\u00e9s l\u00e9galement. D\u2019autres, \u00e0 cause de la pauvret\u00e9, n\u2019ont pas les conditions pour aller \u00e0 l\u2019\u00e9cole. Face \u00e0 ce besoin d\u2019\u00e9ducation et pour aider ces enfants d\u00e9favoris\u00e9s, la communaut\u00e9 a propos\u00e9 et demand\u00e9 au cur\u00e9 d\u2019ouvrir une classe de charit\u00e9. Cette classe aide les enfants \u00e0 apprendre \u00e0 lire, \u00e0 \u00e9crire et \u00e0 compter. En m\u00eame temps, on les accompagne et on les aide \u00e0 grandir humainement. Certains enfants qui ne sont pas chr\u00e9tiens ont aussi demand\u00e9 \u00e0 participer \u00e0 la messe et \u00e0 apprendre le cat\u00e9chisme le dimanche. Actuellement, il y a 11 enfants \u00e2g\u00e9s de 6 \u00e0 9 ans.<\/p>\n\n\n\n<figure class=\"wp-block-image size-large\"><img loading=\"lazy\" decoding=\"async\" width=\"1024\" height=\"485\" src=\"https:\/\/jpic-assumpta.org\/wp-content\/uploads\/2026\/08\/act.4-1024x485.jpg\" alt=\"\" class=\"wp-image-2909\" srcset=\"https:\/\/jpic-assumpta.org\/wp-content\/uploads\/2026\/08\/act.4-1024x485.jpg 1024w, https:\/\/jpic-assumpta.org\/wp-content\/uploads\/2026\/08\/act.4-300x142.jpg 300w, https:\/\/jpic-assumpta.org\/wp-content\/uploads\/2026\/08\/act.4-767x363.jpg 767w, https:\/\/jpic-assumpta.org\/wp-content\/uploads\/2026\/08\/act.4.jpg 1280w\" sizes=\"(max-width: 1024px) 100vw, 1024px\" \/><\/figure>\n\n\n\n<p class=\"wp-block-paragraph\">5. Repas pour les pauvres : Dans un esprit de solidarit\u00e9 et de partage, la communaut\u00e9 organise un repas pour les pauvres tous les deux mois. Gr\u00e2ce aux visites personnelles ou aux recommandations des groupes paroissiaux et des amis, la communaut\u00e9 invite les pauvres, les malades et les personnes en difficult\u00e9 \u00e0 venir partager un repas, s\u2019\u00e9couter et s\u2019encourager. Le programme comprend souvent des activit\u00e9s et des \u00e9changes pour mieux se conna\u00eetre. Il y a aussi un moment de partage anim\u00e9 par les membres de la communaut\u00e9. En g\u00e9n\u00e9ral, il y a environ 45 \u00e0 50 participants.<\/p>\n\n\n\n<figure class=\"wp-block-image size-large\"><img loading=\"lazy\" decoding=\"async\" width=\"1024\" height=\"767\" src=\"https:\/\/jpic-assumpta.org\/wp-content\/uploads\/2026\/08\/act.5-1024x767.jpg\" alt=\"\" class=\"wp-image-2910\" style=\"aspect-ratio:1.3350882856929993\" srcset=\"https:\/\/jpic-assumpta.org\/wp-content\/uploads\/2026\/08\/act.5-1024x767.jpg 1024w, https:\/\/jpic-assumpta.org\/wp-content\/uploads\/2026\/08\/act.5-300x225.jpg 300w, https:\/\/jpic-assumpta.org\/wp-content\/uploads\/2026\/08\/act.5-767x575.jpg 767w, https:\/\/jpic-assumpta.org\/wp-content\/uploads\/2026\/08\/act.5.jpg 1276w\" sizes=\"(max-width: 1024px) 100vw, 1024px\" \/><\/figure>\n\n\n\n<p class=\"wp-block-paragraph\">6. Des Jardins vides des voisins : Pour avoir des aliments propres et sains, la communaut\u00e9 utilise les terrains vides pour cultiver un jardin potager. Cela permet de fournir des l\u00e9gumes propres pour toute la communaut\u00e9. Avec les connaissances en agriculture et la passion du fr\u00e8re Paul Th\u00e0nh, les membres prennent soin du jardin comme une activit\u00e9 de travail et de d\u00e9tente. Cela aide \u00e0 avoir des l\u00e9gumes sains, \u00e0 prot\u00e9ger la sant\u00e9 et \u00e0 r\u00e9duire les d\u00e9penses.<\/p>\n\n\n\n<figure class=\"wp-block-image size-large\"><img loading=\"lazy\" decoding=\"async\" width=\"768\" height=\"1024\" src=\"https:\/\/jpic-assumpta.org\/wp-content\/uploads\/2026\/08\/act.6-768x1024-1.jpg\" alt=\"\" class=\"wp-image-2911\" srcset=\"https:\/\/jpic-assumpta.org\/wp-content\/uploads\/2026\/08\/act.6-768x1024-1.jpg 768w, https:\/\/jpic-assumpta.org\/wp-content\/uploads\/2026\/08\/act.6-225x300.jpg 225w, https:\/\/jpic-assumpta.org\/wp-content\/uploads\/2026\/08\/act.6.jpg 960w\" sizes=\"(max-width: 768px) 100vw, 768px\" \/><\/figure>\n\n\n\n<p class=\"wp-block-paragraph\"><\/p>\n","protected":false},"excerpt":{"rendered":"<p>MISSIONS DE LA COMMUNAUT\u00c9 ET DE SES MEMBRES La Communaut\u00e9 M\u1ef9 Hanh a \u00e9t\u00e9 cr\u00e9\u00e9e en 2023 et elle poss\u00e8de une forte dimension sociale. En plus de construire une vie communautaire remplie de fraternit\u00e9 et d\u2019unit\u00e9, les fr\u00e8res pr\u00e9sents ici veulent aussi faire r\u00e9gner le Royaume de Dieu \u00e0 travers certaines des \u0153uvres apostoliques concr\u00e8tes [&hellip;]<\/p>\n","protected":false},"author":2,"featured_media":2903,"comment_status":"open","ping_status":"closed","sticky":false,"template":"","format":"standard","meta":{"footnotes":""},"categories":[15,16],"tags":[5],"class_list":["post-2902","post","type-post","status-publish","format-standard","has-post-thumbnail","hentry","category-action","category-temoignages","tag-francais"],"_links":{"self":[{"href":"https:\/\/jpic-assumpta.org\/index.php\/wp-json\/wp\/v2\/posts\/2902","targetHints":{"allow":["GET"]}}],"collection":[{"href":"https:\/\/jpic-assumpta.org\/index.php\/wp-json\/wp\/v2\/posts"}],"about":[{"href":"https:\/\/jpic-assumpta.org\/index.php\/wp-json\/wp\/v2\/types\/post"}],"author":[{"embeddable":true,"href":"https:\/\/jpic-assumpta.org\/index.php\/wp-json\/wp\/v2\/users\/2"}],"replies":[{"embeddable":true,"href":"https:\/\/jpic-assumpta.org\/index.php\/wp-json\/wp\/v2\/comments?post=2902"}],"version-history":[{"count":1,"href":"https:\/\/jpic-assumpta.org\/index.php\/wp-json\/wp\/v2\/posts\/2902\/revisions"}],"predecessor-version":[{"id":2912,"href":"https:\/\/jpic-assumpta.org\/index.php\/wp-json\/wp\/v2\/posts\/2902\/revisions\/2912"}],"wp:featuredmedia":[{"embeddable":true,"href":"https:\/\/jpic-assumpta.org\/index.php\/wp-json\/wp\/v2\/media\/2903"}],"wp:attachment":[{"href":"https:\/\/jpic-assumpta.org\/index.php\/wp-json\/wp\/v2\/media?parent=2902"}],"wp:term":[{"taxonomy":"category","embeddable":true,"href":"https:\/\/jpic-assumpta.org\/index.php\/wp-json\/wp\/v2\/categories?post=2902"},{"taxonomy":"post_tag","embeddable":true,"href":"https:\/\/jpic-assumpta.org\/index.php\/wp-json\/wp\/v2\/tags?post=2902"}],"curies":[{"name":"wp","href":"https:\/\/api.w.org\/{rel}","templated":true}]}}