{"id":239,"date":"2019-05-22T14:59:00","date_gmt":"2019-05-22T14:59:00","guid":{"rendered":"https:\/\/jpic-assumpta.org\/?p=239"},"modified":"2020-01-27T14:59:46","modified_gmt":"2020-01-27T14:59:46","slug":"le-monde-regarde-leurope","status":"publish","type":"post","link":"https:\/\/jpic-assumpta.org\/index.php\/2019\/05\/22\/le-monde-regarde-leurope\/","title":{"rendered":"Le monde regarde l\u2019Europe."},"content":{"rendered":"\n<p>Citoyens chr\u00e9tiens engag\u00e9s, nous sommes souvent constern\u00e9s par l\u2019indiff\u00e9rence , le scepticisme ou les oppositions \u00e0 l\u2019Union Europ\u00e9enne, espace de Paix fond\u00e9 sur le droit. Au moment de choisir nos repr\u00e9sentants au Parlement Europ\u00e9en nous attirons l\u2019attention sur le regard que portent sur nous nos partenaires africains, sud am\u00e9ricains, et m\u00e9diterran\u00e9ens . L\u2019unit\u00e9 de l\u2019Europe , dans le respect de la diversit\u00e9 des spiritualit\u00e9s , des cultures, et des peuples , reste pour eux un tr\u00e9sor, dont ils r\u00eavent de s\u2019inspirer pour cr\u00e9er de nouveaux espaces politiques solidaires. Ils nous regardent et s\u2019\u00e9tonnent de nos doutes sur la n\u00e9cessit\u00e9 d\u2019Europe.&nbsp;<\/p>\n\n\n\n<p><br>Aussi comme le souligne l\u2019Appel de IXE ( Initiative des Chr\u00e9tiens pour l\u2019Europe ) cette \u00e9lection est l\u2019occasion de rappeler que l\u2019Europe ne peut \u00eatre r\u00e9duite \u00e0 un march\u00e9 et qu\u2019elle est l\u2019espace politique efficace pour d\u00e9fendre la personne .Cela suppose de mettre en \u0153uvre la solidarit\u00e9 entre territoires, entre peuples, gr\u00e2ce \u00e0 une politique fiscale et budg\u00e9taire appropri\u00e9e. Notre responsabilit\u00e9 au del\u00e0 des fronti\u00e8res de l\u2019Europe s\u2019exercera tant dans l\u2019appui aux politiques de developpement endog\u00e8ne que dans l\u2019accueil et l\u2019int\u00e9gration des r\u00e9fugi\u00e9s \u00e9conomiques ou politiques . Aujourd\u2019hui la n\u00e9cessaire transition \u00e9cologique est une probl\u00e9matique majeure pour l\u2019exercice de la souverainet\u00e9 ,elle aussi suppose un espace politique pertinent&nbsp;: l\u2019Europe.<\/p>\n\n\n\n<p class=\"has-text-align-right\"><em><strong>Jean Fran\u00e7ois Petit<\/strong>, a.a., r\u00e9seau philosophique de l\u2019interculturel<br><strong>Antoinette Montaigne<\/strong>, Acad\u00e9mie de la Paix<br><strong>Philippe Segretain<\/strong>, Semaines Sociales de France<\/em><\/p>\n","protected":false},"excerpt":{"rendered":"<p>Citoyens chr\u00e9tiens engag\u00e9s, nous sommes souvent constern\u00e9s par l\u2019indiff\u00e9rence , le scepticisme ou les oppositions \u00e0 l\u2019Union Europ\u00e9enne, espace de Paix fond\u00e9 sur le droit. Au moment de choisir nos repr\u00e9sentants au Parlement Europ\u00e9en nous attirons l\u2019attention sur le regard que portent sur nous nos partenaires africains, sud am\u00e9ricains, et m\u00e9diterran\u00e9ens . L\u2019unit\u00e9 de l\u2019Europe [&hellip;]<\/p>\n","protected":false},"author":1,"featured_media":240,"comment_status":"closed","ping_status":"closed","sticky":false,"template":"","format":"standard","meta":{"footnotes":""},"categories":[15],"tags":[5],"class_list":["post-239","post","type-post","status-publish","format-standard","has-post-thumbnail","hentry","category-action","tag-francais"],"_links":{"self":[{"href":"https:\/\/jpic-assumpta.org\/index.php\/wp-json\/wp\/v2\/posts\/239","targetHints":{"allow":["GET"]}}],"collection":[{"href":"https:\/\/jpic-assumpta.org\/index.php\/wp-json\/wp\/v2\/posts"}],"about":[{"href":"https:\/\/jpic-assumpta.org\/index.php\/wp-json\/wp\/v2\/types\/post"}],"author":[{"embeddable":true,"href":"https:\/\/jpic-assumpta.org\/index.php\/wp-json\/wp\/v2\/users\/1"}],"replies":[{"embeddable":true,"href":"https:\/\/jpic-assumpta.org\/index.php\/wp-json\/wp\/v2\/comments?post=239"}],"version-history":[{"count":1,"href":"https:\/\/jpic-assumpta.org\/index.php\/wp-json\/wp\/v2\/posts\/239\/revisions"}],"predecessor-version":[{"id":241,"href":"https:\/\/jpic-assumpta.org\/index.php\/wp-json\/wp\/v2\/posts\/239\/revisions\/241"}],"wp:featuredmedia":[{"embeddable":true,"href":"https:\/\/jpic-assumpta.org\/index.php\/wp-json\/wp\/v2\/media\/240"}],"wp:attachment":[{"href":"https:\/\/jpic-assumpta.org\/index.php\/wp-json\/wp\/v2\/media?parent=239"}],"wp:term":[{"taxonomy":"category","embeddable":true,"href":"https:\/\/jpic-assumpta.org\/index.php\/wp-json\/wp\/v2\/categories?post=239"},{"taxonomy":"post_tag","embeddable":true,"href":"https:\/\/jpic-assumpta.org\/index.php\/wp-json\/wp\/v2\/tags?post=239"}],"curies":[{"name":"wp","href":"https:\/\/api.w.org\/{rel}","templated":true}]}}