{"id":2259,"date":"2024-04-06T01:54:31","date_gmt":"2024-04-05T23:54:31","guid":{"rendered":"https:\/\/jpic-assumpta.org\/?p=2259"},"modified":"2024-04-06T01:54:31","modified_gmt":"2024-04-05T23:54:31","slug":"oracion-por-los-migrantes-refugiados-desplazados-victimas-de-trata","status":"publish","type":"post","link":"https:\/\/jpic-assumpta.org\/index.php\/2024\/04\/06\/oracion-por-los-migrantes-refugiados-desplazados-victimas-de-trata\/","title":{"rendered":"ORACI\u00d3N POR LOS MIGRANTES, REFUGIADOS, DESPLAZADOS, VICTIMAS DE TRATA"},"content":{"rendered":"\n<p class=\"has-text-align-center\">Dios Padre y Madre<\/p>\n\n\n\n<p class=\"has-text-align-center\">de los pobres y humildes de la tierra, que acompa\u00f1as cada d\u00eda el dolor, el sufrimiento, los sue\u00f1os y esperanzas de este mundo en movimiento, los migrantes y refugiados, los desplazados y v\u00edctimas de Trata.<\/p>\n\n\n\n<p class=\"has-text-align-center\">Hoy queremos renovar la Alianza que has hecho con nosotros, tu Promesa llena de Ternura y de Bondad revelada en la misi\u00f3n que le conf\u00edas a Tu Hijo Jes\u00fas, el Caminante, el Peregrino y desplazado.<\/p>\n\n\n\n<p class=\"has-text-align-center\">Acompa\u00f1a, hoy y siempre, a los hermanos y hermanas que sienten el dolor de la partida, dejando su lugar de origen, por diversas circunstancias, caminando sin rumbo, sin historia. Mira con amor a los refugiados, exiliados, migrantes, desplazados, que se encuentran en una nueva tierra y entre personas diferentes. Haz que la solidaridad se d\u00e9 prisa para ofrecerles el calor de hogar y un lugar seguro, danos un coraz\u00f3n amable para acogerlos, protegerlos, con afecto fraterno.<\/p>\n\n\n\n<p class=\"has-text-align-center\">Regala tu ternura a los ni\u00f1os, ni\u00f1as, adolescentes que caminan al lado de sus padres y\/o acompa\u00f1antes, muchos de ellos sin pan y sin abrigo. Ofrece tu esperanza a los j\u00f3venes que avanzan en estas circunstancias sin horizonte, sin ilusi\u00f3n, sin proyecto de vida. Derrama el don de Fortaleza a los adultos caminantes, a los abuelos y abuelas que sienten no solo el peso de los a\u00f1os, tambi\u00e9n la fatiga y el cansancio del camino.<\/p>\n\n\n\n<p class=\"has-text-align-center\">Da tu sabidur\u00eda a los pa\u00edses del mundo que sufren este flagelo, a sus gobernantes, para que encuentren caminos viables que propicien la inclusi\u00f3n, la defensa de la vida, la igualdad, tanto al interior de su pa\u00eds como en cooperaci\u00f3n internacional<\/p>\n\n\n\n<p class=\"has-text-align-center\">Ilumina a la Iglesia, para que sepamos ser hermanos y hermanas de todos, con coraz\u00f3n humilde y dispuesto para acoger, proteger, promover e integrar a quienes nos llaman a la puerta.<\/p>\n\n\n\n<p class=\"has-text-align-center\">Fortalece los lazos de comuni\u00f3n como Familias de la Asunci\u00f3n para que nos apoyemos en esta misi\u00f3n de frontera y avancemos de prisa, como Mar\u00eda en la Visitaci\u00f3n, al encuentro de las poblaciones vulnerables.<\/p>\n\n\n\n<p class=\"has-text-align-center\">Te lo pedimos por Jesucristo, Se\u00f1or de la Historia, a quien abrazamos en nuestros hermanos y hermanas m\u00e1s fr\u00e1giles.<\/p>\n\n\n\n<p class=\"has-text-align-center\">AMEN<\/p>\n\n\n\n<p class=\"has-text-align-right\">Gl\u00f3ria Hilda<\/p>\n\n\n\n<p class=\"has-text-align-right\">Hermanita de la Asunci\u00f3n<\/p>\n","protected":false},"excerpt":{"rendered":"<p>Dios Padre y Madre de los pobres y humildes de la tierra, que acompa\u00f1as cada d\u00eda el dolor, el sufrimiento, los sue\u00f1os y esperanzas de este mundo en movimiento, los migrantes y refugiados, los desplazados y v\u00edctimas de Trata. Hoy queremos renovar la Alianza que has hecho con nosotros, tu Promesa llena de Ternura y [&hellip;]<\/p>\n","protected":false},"author":2,"featured_media":2260,"comment_status":"open","ping_status":"closed","sticky":false,"template":"","format":"standard","meta":{"footnotes":""},"categories":[9],"tags":[10],"class_list":["post-2259","post","type-post","status-publish","format-standard","has-post-thumbnail","hentry","category-prieres","tag-espanol"],"_links":{"self":[{"href":"https:\/\/jpic-assumpta.org\/index.php\/wp-json\/wp\/v2\/posts\/2259","targetHints":{"allow":["GET"]}}],"collection":[{"href":"https:\/\/jpic-assumpta.org\/index.php\/wp-json\/wp\/v2\/posts"}],"about":[{"href":"https:\/\/jpic-assumpta.org\/index.php\/wp-json\/wp\/v2\/types\/post"}],"author":[{"embeddable":true,"href":"https:\/\/jpic-assumpta.org\/index.php\/wp-json\/wp\/v2\/users\/2"}],"replies":[{"embeddable":true,"href":"https:\/\/jpic-assumpta.org\/index.php\/wp-json\/wp\/v2\/comments?post=2259"}],"version-history":[{"count":1,"href":"https:\/\/jpic-assumpta.org\/index.php\/wp-json\/wp\/v2\/posts\/2259\/revisions"}],"predecessor-version":[{"id":2261,"href":"https:\/\/jpic-assumpta.org\/index.php\/wp-json\/wp\/v2\/posts\/2259\/revisions\/2261"}],"wp:featuredmedia":[{"embeddable":true,"href":"https:\/\/jpic-assumpta.org\/index.php\/wp-json\/wp\/v2\/media\/2260"}],"wp:attachment":[{"href":"https:\/\/jpic-assumpta.org\/index.php\/wp-json\/wp\/v2\/media?parent=2259"}],"wp:term":[{"taxonomy":"category","embeddable":true,"href":"https:\/\/jpic-assumpta.org\/index.php\/wp-json\/wp\/v2\/categories?post=2259"},{"taxonomy":"post_tag","embeddable":true,"href":"https:\/\/jpic-assumpta.org\/index.php\/wp-json\/wp\/v2\/tags?post=2259"}],"curies":[{"name":"wp","href":"https:\/\/api.w.org\/{rel}","templated":true}]}}