{"id":2106,"date":"2023-02-22T20:05:54","date_gmt":"2023-02-22T18:05:54","guid":{"rendered":"https:\/\/jpic-assumpta.org\/?p=2106"},"modified":"2023-02-22T20:07:58","modified_gmt":"2023-02-22T18:07:58","slug":"etrangers-etrangeres-mains-offertes-mains-donnees","status":"publish","type":"post","link":"https:\/\/jpic-assumpta.org\/index.php\/2023\/02\/22\/etrangers-etrangeres-mains-offertes-mains-donnees\/","title":{"rendered":"<strong>Etrangers, \u00e9trang\u00e8res, mains offertes, mains donn\u00e9es<\/strong>"},"content":{"rendered":"\n<p>Chacune de nous fait sa propre exp\u00e9rience de changement pour marcher l\u00e0 o\u00f9 nous sommes envoy\u00e9es.<\/p>\n\n\n\n<p>L\u2019exp\u00e9rience du partage de No\u00ebl 2022 chez les PSA, entre personnes \u00e2g\u00e9es, pour un No\u00ebl avec les migrants. Pour moi, tous ces pas faits par les s\u0153urs et les la\u00efcs sur ce chemin m\u2019ont beaucoup touch\u00e9e. Nous communions \u00e0 la vie des migrants&nbsp;: \u00ab&nbsp;Nous arrivons dans l\u2019ombre sans identit\u00e9, sans couleur, dans notre vie, esp\u00e9rant trouver la lumi\u00e8re&nbsp;\u00bb.<\/p>\n\n\n\n<p>La personne en marche rencontre une autre qui offre un sourire, une \u00e9coute, une parole, un geste de solidarit\u00e9. N\u2019est-ce pas aimer cela&nbsp;?<\/p>\n\n\n\n<p>Nous pouvons dans chaque endroit o\u00f9 nous sommes donner une attention \u00e0 une personne proche de nous, par exemple, apprendre le fran\u00e7ais, aider \u00e0 la recherche d\u2019un travail, d\u2019un logement, d\u00e9fendre ses droits.&nbsp;<br>Nous travaillons dans la pastorale aux fronti\u00e8res, chaque congr\u00e9gation avec sa spiritualit\u00e9, son charisme.<\/p>\n\n\n\n<p>Cette marche en commun pour soigner la terre, marcher avec Dieu et avec le peuple nous permettra de rester proche de ces situations, \u00e0 c\u00f4t\u00e9 du pauvre et non en face, mains offertes, mains donn\u00e9es. Dans ce monde en mouvement, plus de fronti\u00e8res, un monde en mouvement pour accueillir et offrir, un monde en mouvement o\u00f9 nous marchons ensemble sur un chemin et o\u00f9 nous cherchons les signes de Dieu.<\/p>\n\n\n\n<p>Aujourd\u2019hui, nous remercions particuli\u00e8rement Pilar Trillo, PSA, qui fut secr\u00e9taire du SIJPIC famille Assomption durant 8 ans. Elle y a apport\u00e9 toutes ses comp\u00e9tences et a t\u00e9moign\u00e9 de sa vie donn\u00e9e pour le Royaume.<\/p>\n\n\n\n<p>Nous remercions aussi Mado, Oblate de l\u2019Assomption, elle nous a montr\u00e9 au travers de sa culture d\u2019origine, une spiritualit\u00e9 porteuse d\u2019espoir, une ouverture de plus en plus en plus grande \u00e0 JPIC.&nbsp; Merci \u00e9galement \u00e0 Miguel Diaz AA qui nous a dit qu\u2019il allait partir, homme de paix et de communion, apportant toujours des informations pour tous, tout au long de l\u2019ann\u00e9e. Notre reconnaissance \u00e0 Sally, seule la\u00efque et seule anglophone, qui par son respect et sa d\u00e9licatesse nous a donn\u00e9 tous ses talents dans ce chemin de JPIC.<\/p>\n\n\n\n<p>Moi, Marcia Ferreira PSA, j\u2019ai \u00e9t\u00e9 appel\u00e9e \u00e0 remplir cette nouvelle mission comme secr\u00e9taire du SIJPIC avec une \u00e9quipe renouvel\u00e9e. J\u2019en suis vraiment heureuse comptant sur chacun(e) de vous, marchant ensemble par le respect, l\u2019\u00e9coute, la participation dans l\u2019unit\u00e9.<\/p>\n\n\n\n<p>&nbsp;&nbsp;&nbsp;&nbsp;&nbsp;&nbsp;&nbsp;&nbsp;&nbsp;&nbsp;&nbsp;&nbsp;&nbsp;&nbsp;&nbsp;&nbsp;&nbsp;&nbsp;&nbsp;&nbsp;&nbsp;&nbsp;&nbsp;&nbsp;&nbsp;&nbsp;&nbsp;&nbsp;&nbsp;&nbsp;&nbsp;&nbsp;&nbsp;&nbsp;&nbsp;&nbsp;&nbsp;&nbsp;&nbsp;&nbsp;&nbsp;&nbsp;&nbsp;&nbsp;&nbsp;&nbsp;&nbsp;&nbsp;&nbsp;&nbsp;&nbsp;&nbsp;&nbsp;&nbsp;&nbsp;&nbsp;&nbsp;&nbsp;&nbsp;&nbsp;&nbsp;&nbsp;&nbsp;&nbsp;&nbsp;&nbsp;&nbsp;&nbsp;&nbsp;&nbsp;&nbsp;&nbsp;&nbsp;&nbsp;&nbsp;&nbsp;&nbsp;&nbsp;&nbsp; &nbsp;&nbsp;&nbsp;&nbsp;&nbsp;&nbsp;&nbsp;&nbsp; Marcia Ferreira, psa<\/p>\n","protected":false},"excerpt":{"rendered":"<p>Chacune de nous fait sa propre exp\u00e9rience de changement pour marcher l\u00e0 o\u00f9 nous sommes envoy\u00e9es. L\u2019exp\u00e9rience du partage de No\u00ebl 2022 chez les PSA, entre personnes \u00e2g\u00e9es, pour un No\u00ebl avec les migrants. Pour moi, tous ces pas faits par les s\u0153urs et les la\u00efcs sur ce chemin m\u2019ont beaucoup touch\u00e9e. Nous communions \u00e0 [&hellip;]<\/p>\n","protected":false},"author":2,"featured_media":2109,"comment_status":"open","ping_status":"closed","sticky":false,"template":"","format":"standard","meta":{"footnotes":""},"categories":[3],"tags":[5],"class_list":["post-2106","post","type-post","status-publish","format-standard","has-post-thumbnail","hentry","category-editorial","tag-francais"],"_links":{"self":[{"href":"https:\/\/jpic-assumpta.org\/index.php\/wp-json\/wp\/v2\/posts\/2106","targetHints":{"allow":["GET"]}}],"collection":[{"href":"https:\/\/jpic-assumpta.org\/index.php\/wp-json\/wp\/v2\/posts"}],"about":[{"href":"https:\/\/jpic-assumpta.org\/index.php\/wp-json\/wp\/v2\/types\/post"}],"author":[{"embeddable":true,"href":"https:\/\/jpic-assumpta.org\/index.php\/wp-json\/wp\/v2\/users\/2"}],"replies":[{"embeddable":true,"href":"https:\/\/jpic-assumpta.org\/index.php\/wp-json\/wp\/v2\/comments?post=2106"}],"version-history":[{"count":2,"href":"https:\/\/jpic-assumpta.org\/index.php\/wp-json\/wp\/v2\/posts\/2106\/revisions"}],"predecessor-version":[{"id":2110,"href":"https:\/\/jpic-assumpta.org\/index.php\/wp-json\/wp\/v2\/posts\/2106\/revisions\/2110"}],"wp:featuredmedia":[{"embeddable":true,"href":"https:\/\/jpic-assumpta.org\/index.php\/wp-json\/wp\/v2\/media\/2109"}],"wp:attachment":[{"href":"https:\/\/jpic-assumpta.org\/index.php\/wp-json\/wp\/v2\/media?parent=2106"}],"wp:term":[{"taxonomy":"category","embeddable":true,"href":"https:\/\/jpic-assumpta.org\/index.php\/wp-json\/wp\/v2\/categories?post=2106"},{"taxonomy":"post_tag","embeddable":true,"href":"https:\/\/jpic-assumpta.org\/index.php\/wp-json\/wp\/v2\/tags?post=2106"}],"curies":[{"name":"wp","href":"https:\/\/api.w.org\/{rel}","templated":true}]}}