{"id":2097,"date":"2023-02-08T13:05:44","date_gmt":"2023-02-08T11:05:44","guid":{"rendered":"https:\/\/jpic-assumpta.org\/?p=2097"},"modified":"2023-02-08T13:12:24","modified_gmt":"2023-02-08T11:12:24","slug":"visita-del-papa-francisco-en-kinshasa-rdc","status":"publish","type":"post","link":"https:\/\/jpic-assumpta.org\/index.php\/2023\/02\/08\/visita-del-papa-francisco-en-kinshasa-rdc\/","title":{"rendered":"Visita del papa Francisco en Kinshasa (RDC)"},"content":{"rendered":"\n<p>El Papa Francisco ha sabido conectar muy bien con la gente, con sus 86 a\u00f1os y su silla de ruedas no ha desaprovechado el tiempo y en estos 4 d\u00edas de estancia en Kinshasa parece que no ha tenido ni necesidad de descansar, quer\u00eda verlo todo y escuchar a todos.<\/p>\n\n\n\n<p>La llegada fue espectacular, no s\u00e9 de donde sali\u00f3 tanta gente, durante los 25 Km. que separan el aeropuerto del Palacio de la Naci\u00f3n, una gran aglomeraci\u00f3n le estaba esperando, ni un metro tan siquiera estaba vac\u00edo. Verdaderamente la gente le esperaba, agitaban banderas, camisetas\u2026lo que fuera y le cantaban cantos de bienvenida. Era la esperanza de los pobres, necesitados de paz y de consuelo.<\/p>\n\n\n\n<p>En el Palacio presidencial se encontr\u00f3 con los dirigentes del pa\u00eds. Desde hace meses este pa\u00eds es v\u00edctima del resurgimiento del grupo armado M23, que ha conquistado amplias franjas del territorio, dejando muerte y horrores a su paso. La situaci\u00f3n econ\u00f3mica es precaria para la mayor\u00eda de los habitantes de Kinshasa, especialmente para los j\u00f3venes, que esperan que el mensaje del Papa repercuta en sus dirigentes. Es un pa\u00eds rico en cobalto, cobre (en el sureste, en Katanga), tambi\u00e9n litio, que a\u00fan no se ha explotado. M\u00e1s al norte, donde ahora hay guerra, hay colt\u00e1n, casiterita, pero tambi\u00e9n tierras raras, sobre todo donde est\u00e1 ahora el M23. El mensaje del Papa fue claro y fuerte \u201cNo toquen la Rep\u00fablica Democr\u00e1tica del Congo, no toquen el \u00c1frica. Dejen de asfixiarla, porque \u00c1frica no es una mina que explotar ni una tierra que saquear. Que \u00c1frica sea protagonista de su propio destino\u00a0\u00bb.<\/p>\n\n\n\n<figure class=\"wp-block-image size-full\"><img decoding=\"async\" width=\"251\" height=\"146\" src=\"https:\/\/jpic-assumpta.org\/wp-content\/uploads\/2023\/02\/Papa-Fr.jpg\" alt=\"\" class=\"wp-image-2100\"\/><\/figure>\n\n\n\n<p>El encuentro con los j\u00f3venes y catequistas fue masivo, llenaron el estadio. Tambi\u00e9n se reuni\u00f3 con sacerdotes y religiosos\/as, y con una delegaci\u00f3n de las v\u00edctimas de los horrores y matanzas, personas mutiladas, que hab\u00edan perdido sus familias y todo lo que pose\u00edan. Estos con gran serenidad le fueron contando los hechos y se comprometieron a perdonar a sus agresores. Escuch\u00f3 sus testimonios, estuvo visiblemente conmocionado, \u201cno hay palabras, dijo, solo se puede llorar, qued\u00e1ndose en silencio\u201d. \u201cY dirigi\u00e9ndose a todas las personas\u00a0\u00bb y a \u00ab\u00a0todas las entidades internas y externas que mueven los hilos de la guerra en la RDC\u00a0\u00bb, el Papa les pidi\u00f3 escuchar \u00ab\u00a0el grito\u00a0\u00bb de la sangre de las v\u00edctimas inocentes.<\/p>\n\n\n\n<p>Por \u00faltimo celebr\u00f3 la Eucarist\u00eda en el estadio de los M\u00e1rtires con todos los cristianos que son la gran fuerza, gente que sabe lo que es luchar para enfrentarse cada d\u00eda a la realidad dura de la vida.<\/p>\n\n\n\n<figure class=\"wp-block-image size-full\"><img decoding=\"async\" width=\"221\" height=\"147\" src=\"https:\/\/jpic-assumpta.org\/wp-content\/uploads\/2023\/02\/Papa-Fr-2.jpg\" alt=\"\" class=\"wp-image-2098\"\/><\/figure>\n\n\n\n<figure class=\"wp-block-image size-full\"><img decoding=\"async\" width=\"265\" height=\"160\" src=\"https:\/\/jpic-assumpta.org\/wp-content\/uploads\/2023\/02\/Papa-Fr-3.jpg\" alt=\"\" class=\"wp-image-2099\"\/><\/figure>\n\n\n\n<p>En estas fotos se ve la pasarela encima de la carretera que cruza el mercado de la libertad, que la gente no utiliza jam\u00e1s, prefieren correr entre los coches para cruzar y este d\u00eda ha sido de gran servicio, muy apreciado por los vecinos.<\/p>\n\n\n\n<p>&nbsp;&nbsp;&nbsp;&nbsp;&nbsp;&nbsp;&nbsp;&nbsp;&nbsp;&nbsp;&nbsp;&nbsp;&nbsp; La otra foto es la imagen que utiliz\u00f3 el Papa Francisco para hablar con los j\u00f3venes: los cinco dedos de la mano: oraci\u00f3n, Comunidad, honestidad (no entrar en la corrupci\u00f3n), perd\u00f3n, servicio.<\/p>\n\n\n\n<p>&nbsp;&nbsp;&nbsp;&nbsp;&nbsp;&nbsp;&nbsp;&nbsp;&nbsp;&nbsp;&nbsp;&nbsp;&nbsp; A los sacerdotes y religiosas\/os, nos dijo: \u201cla paz est\u00e9 con vosotros, es m\u00e1s que un saludo, es un env\u00edo\u201d. Cristo es nuestra paz, el mal no tiene nunca la \u00faltima palabra\u201d Dec\u00eda que Jes\u00fas siempre nos asombra, cuando estamos a pique de morir nos anuncia la vida, por ello no podemos permitirnos ni la tristeza, ni la resignaci\u00f3n ni el fatalismo. Propuso 3 fuentes para cultivar y conservar la Paz.<\/p>\n\n\n\n<p>&nbsp;&nbsp;&nbsp;&nbsp;&nbsp;&nbsp;&nbsp;&nbsp;&nbsp;&nbsp;&nbsp;&nbsp;&nbsp; 1\u00aa fuente: el perd\u00f3n: Jes\u00fas sufre contigo, ve las heridas que llevas dentro.<\/p>\n\n\n\n<p>&nbsp;&nbsp;&nbsp;&nbsp;&nbsp;&nbsp;&nbsp;&nbsp;&nbsp;&nbsp;&nbsp;&nbsp;&nbsp; 2\u00aa fuente: la comunidad: Jes\u00fas re\u00fane a todos, les habla en plural. No hay cristianismo sin comunidad, no hay paz sin fraternidad. La humildad es la grandeza del cristiano, la fraternidad su verdadera riqueza.<\/p>\n\n\n\n<p>&nbsp;&nbsp;&nbsp;&nbsp;&nbsp;&nbsp;&nbsp;&nbsp;&nbsp;&nbsp;&nbsp;&nbsp;&nbsp; 3\u00aa fuente: La Misi\u00f3n: \u201cComo el Padre me envi\u00f3, yo os env\u00edo a vosotros\u201d, Estamos llamados a ser misioneras de la Paz. Llamadas a ser conciencia de paz, no solo conciencia cr\u00edtica, sino sobre todo testigos del Amor.<\/p>\n\n\n\n<p>&nbsp;&nbsp;&nbsp;&nbsp;&nbsp;&nbsp;&nbsp;&nbsp;&nbsp;&nbsp;&nbsp;&nbsp;&nbsp; Por la ma\u00f1ana el avi\u00f3n azul destino Sud\u00e1n, pas\u00f3 a pocos metros por encima de nuestras cabezas, porque estamos muy cerca del aeropuerto. Fue el adi\u00f3s agradecido de muchos que levantaron las manos y la mirada para decir adi\u00f3s. \u201cPapus\u201d o\u00edamos decir a nuestros vecinos.<\/p>\n\n\n\n<p class=\"has-text-align-right\">&nbsp;&nbsp;&nbsp;&nbsp;&nbsp;&nbsp;&nbsp;&nbsp;&nbsp;&nbsp;&nbsp;&nbsp;&nbsp;Catalina LLabr\u00e9s ha<\/p>\n\n\n\n<p>&nbsp;&nbsp;&nbsp;&nbsp;&nbsp;&nbsp;&nbsp;&nbsp;&nbsp;&nbsp;&nbsp;&nbsp;&nbsp;<\/p>\n\n\n\n<p><\/p>\n\n\n\n<p><\/p>\n","protected":false},"excerpt":{"rendered":"<p>El Papa Francisco ha sabido conectar muy bien con la gente, con sus 86 a\u00f1os y su silla de ruedas no ha desaprovechado el tiempo y en estos 4 d\u00edas de estancia en Kinshasa parece que no ha tenido ni necesidad de descansar, quer\u00eda verlo todo y escuchar a todos. La llegada fue espectacular, no [&hellip;]<\/p>\n","protected":false},"author":2,"featured_media":2101,"comment_status":"open","ping_status":"closed","sticky":false,"template":"","format":"standard","meta":{"footnotes":""},"categories":[16],"tags":[10],"class_list":["post-2097","post","type-post","status-publish","format-standard","has-post-thumbnail","hentry","category-temoignages","tag-espanol"],"_links":{"self":[{"href":"https:\/\/jpic-assumpta.org\/index.php\/wp-json\/wp\/v2\/posts\/2097","targetHints":{"allow":["GET"]}}],"collection":[{"href":"https:\/\/jpic-assumpta.org\/index.php\/wp-json\/wp\/v2\/posts"}],"about":[{"href":"https:\/\/jpic-assumpta.org\/index.php\/wp-json\/wp\/v2\/types\/post"}],"author":[{"embeddable":true,"href":"https:\/\/jpic-assumpta.org\/index.php\/wp-json\/wp\/v2\/users\/2"}],"replies":[{"embeddable":true,"href":"https:\/\/jpic-assumpta.org\/index.php\/wp-json\/wp\/v2\/comments?post=2097"}],"version-history":[{"count":2,"href":"https:\/\/jpic-assumpta.org\/index.php\/wp-json\/wp\/v2\/posts\/2097\/revisions"}],"predecessor-version":[{"id":2103,"href":"https:\/\/jpic-assumpta.org\/index.php\/wp-json\/wp\/v2\/posts\/2097\/revisions\/2103"}],"wp:featuredmedia":[{"embeddable":true,"href":"https:\/\/jpic-assumpta.org\/index.php\/wp-json\/wp\/v2\/media\/2101"}],"wp:attachment":[{"href":"https:\/\/jpic-assumpta.org\/index.php\/wp-json\/wp\/v2\/media?parent=2097"}],"wp:term":[{"taxonomy":"category","embeddable":true,"href":"https:\/\/jpic-assumpta.org\/index.php\/wp-json\/wp\/v2\/categories?post=2097"},{"taxonomy":"post_tag","embeddable":true,"href":"https:\/\/jpic-assumpta.org\/index.php\/wp-json\/wp\/v2\/tags?post=2097"}],"curies":[{"name":"wp","href":"https:\/\/api.w.org\/{rel}","templated":true}]}}