{"id":2041,"date":"2022-12-09T18:42:12","date_gmt":"2022-12-09T16:42:12","guid":{"rendered":"https:\/\/jpic-assumpta.org\/?p=2041"},"modified":"2022-12-09T18:42:12","modified_gmt":"2022-12-09T16:42:12","slug":"marche-pacifique-du-dimanche-4-lheure-est-grave-notre-pays-est-en-danger-cfr-neh-2-17","status":"publish","type":"post","link":"https:\/\/jpic-assumpta.org\/index.php\/2022\/12\/09\/marche-pacifique-du-dimanche-4-lheure-est-grave-notre-pays-est-en-danger-cfr-neh-2-17\/","title":{"rendered":"Marche pacifique du dimanche 4: \u00abL&rsquo;heure est grave. Notre pays est en danger (cfr N\u00e9h 2 : 17) \u00bb"},"content":{"rendered":"\n<p>A la demande de la Conf\u00e9rence Episcopale Nationale du Congo (CENCO), dans son message du 7 au 11 novembre 2022 intitul\u00e9: \u00abL&rsquo;heure est grave. Notre pays est en danger (cfr N\u00e9h 2 : 17) \u00bb, les fid\u00e8les catholiques ont r\u00e9pondu massivement \u00e0 la marche pacifique du dimanche 4 d\u00e9cembre 2022 dans toute l\u2019\u00e9tendue de la RDC. Le communiqu\u00e9 relatif \u00e0 cet acte public et&nbsp; religieux \u00e9tait r\u00e9dig\u00e9 sous les mots suivants: \u00abL&rsquo;heure est grave. Notre pays est en danger! Ne laissons pas balkaniser la RDC. Du nord au sud, de l&rsquo;est \u00e0 l&rsquo;ouest, ainsi que dans la diaspora, mettons-nous tous debout pour sauvegarder l&rsquo;int\u00e9grit\u00e9 territoriale de notre Pays. A cet effet, nous invitons les chr\u00e9tiens et les personnes de bonne volont\u00e9 \u00e0 je\u00fbner, \u00e0 prier, \u00e0 poser des gestes de solidarit\u00e9 envers les d\u00e9plac\u00e9s. Aussi, nous convions tout le monde \u00e0 marcher pacifiquement le dimanche 04 d\u00e9cembre 2022\u00bb.<\/p>\n\n\n\n<p>Dans un climat de pri\u00e8re les fideles se sont r\u00e9unis apr\u00e8s l\u2019Eucharistie dominicale du matin aux lieux qui leur avaient \u00e9t\u00e9 indiqu\u00e9s. nous vous faisons part du d\u00e9roulement de la marche pacifique: Nous vous faisons part du d\u00e9roulement de la marche pacifique dans la ville de Butembo dans le Dioc\u00e8se de Butembo- Beni, dans la Province du Nord-Kivu<a>.<\/a><\/p>\n\n\n\n<p>1.Conform\u00e9ment \u00e0 la D\u00e9claration de la CENCO sur la situation s\u00e9curitaire de notre pays, du 9 novembre 2022, nous sommes tous convi\u00e9s \u00e0 la marche pacifique ce 4 d\u00e9cembre 2022. Etant le Jour du Seigneur et, en plus, durant le temps fort de l&rsquo;Avent, les c\u00e9l\u00e9brations dominicales se d\u00e9rouleront comme d&rsquo;habitude dans toutes les paroisses, jusqu&rsquo;\u00e0 13h00 dans les grandes agglom\u00e9rations.<\/p>\n\n\n\n<p>2.Apr\u00e8s la Sainte Messe, les fid\u00e8les se rendent \u00e0 un lieu choisi pour commencer la marche. Mus par leur amour pour la Patrie, les fid\u00e8les d&rsquo;autres confessions religieuses et les hommes et femmes de bonne volont\u00e9 peuvent se joindre au groupe. Apr\u00e8s 30 minutes, le conducteur de la marche pacifique demande une minute de silence, puis entonne l&rsquo;Hymne national (Debout Congolais) et donne le signal du d\u00e9but de la marche.<\/p>\n\n\n\n<p>3.Les participants portant, si possible, soit \u00e0 la main soit au cou, soit encore sur la t\u00eate un foulard ou, \u00e0 d\u00e9faut, un mouchoir de couleur blanche comme symbole de la paix, commencent la marche, anim\u00e9e et encadr\u00e9e par les membres de l\u2019union de la Jeunesse catholique, des Mouvements d\u2019Action Catholique&nbsp; se dirigent \u00e0 pas normal vers le point d&rsquo;arriv\u00e9e distant de plus ou moins 1000 m\u00e8tres (1 km).<\/p>\n\n\n\n<p>4.Quand tout le monde est arriv\u00e9, 3 personnes d\u00e9sign\u00e9es lisent successivement en Fran\u00e7ais, Swahili et Kinande (ou autre langue locale) la D\u00e9claration de la CENCO : \u00ab L &lsquo;heure est grave. Notre pays est en danger (cfr N\u00e9h 2 : 17) \u00bb. Comme tout au long de la marche pacifique, des jeunes de l&rsquo;UJC et MAC&nbsp; scanderont les slogans inscrits sur des banderoles et des calicots pendant 5 minutes au maximum.<\/p>\n\n\n\n<p>5.Apr\u00e8s avoir sollicit\u00e9 l&rsquo;attention des participants, une personne d\u00e9sign\u00e9e&nbsp; dira un bref mot de remerciement, qui sera suivi par l&rsquo;Hymne National pour cl\u00f4turer la marche pacifique.<\/p>\n\n\n\n<p>6.Notez bien que l&rsquo;unique intention de l&rsquo;Episcopat catholique de notre pays pour inviter les fid\u00e8les \u00e0 une marche pacifique est que tous les planificateurs, conspirateurs et profiteurs tant locaux, nationaux qu&rsquo;internationaux de nos malheurs entendent nos cris de c\u0153ur pour une paix v\u00e9ritable, totale et durable dans notre pays.<\/p>\n\n\n\n<p>N.B.: Avant la tenue de la marche, les fid\u00e8les catholiques s\u2019\u00e9taient pr\u00e9par\u00e9s spirituellement pendant 3 jours.<\/p>\n\n\n\n<figure class=\"wp-block-image size-full\"><img fetchpriority=\"high\" decoding=\"async\" width=\"246\" height=\"252\" src=\"https:\/\/jpic-assumpta.org\/wp-content\/uploads\/2022\/12\/Paz-Congo-2-2022.jpg\" alt=\"\" class=\"wp-image-2042\"\/><\/figure>\n\n\n\n<p>PRI\u00c8RES ET INVOCATIONS PENDANT LE TRIDUUM.<\/p>\n\n\n\n<p>Seigneur J\u00e9sus Christ, Prince de la Paix, tu es l&rsquo;Agneau de Dieu dont le Sang a \u00e9t\u00e9 r\u00e9pandu pour nous d\u00e9livrer du p\u00e9ch\u00e9 et de tout mal. Aussi te prions-nous :<\/p>\n\n\n\n<p>Toi l&rsquo;Agneau de Dieu, prends piti\u00e9 de nous, (tous) Amen !<\/p>\n\n\n\n<p>Toi l&rsquo;Agneau de Dieu, prends en piti\u00e9 les habitants des provinces du Nord-Kivu, du Sud-Kivu, de I&rsquo;lturi et de notre Dioc\u00e8se en particulier, (tous) Amen !<\/p>\n\n\n\n<p>Toi l&rsquo;Agneau de Dieu, prends piti\u00e9 de ceux qui nous pers\u00e9cutent, (tous) Amen !<\/p>\n\n\n\n<p>Toi l&rsquo;Agneau de Dieu, r\u00e9pands ton Sang Pr\u00e9cieux sur nous qui t&rsquo;implorons, (tous) Amen !<\/p>\n\n\n\n<p>Toi l&rsquo;Agneau de Dieu, protege-nous de ton Sang, (tous) Amen !<\/p>\n\n\n\n<p>Toi l&rsquo;Agneau de Dieu, couvre de ton Sang nos \u00e9glises et nos lieux de pri\u00e9re, (tous) Amen !<\/p>\n\n\n\n<p>Toi l&rsquo;Agneau de Dieu, inonde de ton Sang nos habitations, (tous) Amen !<\/p>\n\n\n\n<p>Toi l&rsquo;Agneau de Dieu, r\u00e9pands ton Sang protecteur sur nos routes, sur nos chemins et sur nos sentiers, (tous) Amen !<\/p>\n\n\n\n<p>Toi l&rsquo;Agneau de Dieu, arrose de ton Sang tout-puissant nos champs, nos moissons et toutes nos brousses, (tous) Amen !<\/p>\n\n\n\n<p>Toi l&rsquo;Agneau de Dieu, verse ton Sang protecteur dans nos sources, dans nos ruisseaux, dans nos rivi\u00e9res et dans nos lacs, (tous) Amen !<\/p>\n\n\n\n<p>Toi l&rsquo;Agneau de Dieu, verse abondamment ton Sang sauveur sur nos montagnes, dans nos vall\u00e9es, sur nos plaines et dans nos for\u00e9ts, (tous) Amen !<\/p>\n\n\n\n<p>Toi l&rsquo;Agneau de Dieu, plonge dans ton Sang purificateur nos diverses activit\u00e9s, Amen !<\/p>\n\n\n\n<p>Toi l&rsquo;Agneau de Dieu, nous invoquons la toute-puissance de ton Sang pr\u00e9cieux sur ceux qui troublent la paix que tu nous donnes, (tous) Amen !<\/p>\n\n\n\n<p>Toi l&rsquo;Agneau de Dieu, que ton Sang pr\u00e9cieux les convertisse, (tous) Amen !<\/p>\n\n\n\n<p>Toi l&rsquo;Agneau de Dieu, que ton Sang tout-puissant \u00e9teigne le feu de leur haine, Amen !<\/p>\n\n\n\n<p>Toi l&rsquo;Agneau de Dieu, que ton Sang tout-puissant \u00e9teigne le feu de leurs armes, Amen !<\/p>\n\n\n\n<p>Toi l&rsquo;Agneau de Dieu, donne-nous la joie de te servir dans la paix. (tous) Amen !<\/p>\n\n\n\n<p>Toi l&rsquo;Agneau de Dieu, donne \u00e0 ton Eglise de Butembo-Beni la joie d&rsquo;exp\u00e9rimenter ton r\u00e8gne de justice et de paix. (tous) Amen !<\/p>\n\n\n\n<p>Oraison : Seigneur J\u00e9sus Christ, Agneau de Dieu, toi dont le Sang nous a rachet\u00e9s, re\u00e7ois notre pri\u00e8re. En r\u00e9ponse \u00e0 ceux qui t&rsquo;implorent, Seigneur, continue \u00e0 exercer la victoire de ton Sang sur toute sorte de&nbsp; mal. Assure-nous la paix que nous te demandons et donne-nous la joie de te servir en toute tranquillit\u00e9. Toi qui vis et r\u00e8gnes avec le P\u00e8re et l&rsquo;Esprit Saint, maintenant et pour les si\u00e8cles des si\u00e8cles. Amen !)<\/p>\n\n\n\n<p>Merci au Seigneur pour avoir gard\u00e9 son peuple dans la tranquilit\u00e9 et la concorde durant la marche. Aucun incident<\/p>\n\n\n\n<p>Voici quelques images.<\/p>\n\n\n\n<figure class=\"wp-block-embed is-type-video is-provider-youtube wp-block-embed-youtube wp-embed-aspect-16-9 wp-has-aspect-ratio\"><div class=\"wp-block-embed__wrapper\">\n<iframe title=\"Butembo-Beni: Satisfecit de Mgr l&#039;Ev\u00eaque Sikuli, sur la marche\/CENCO. Il d\u00e9nonce aussi les troubles\" width=\"800\" height=\"450\" src=\"https:\/\/www.youtube.com\/embed\/vKB2227pHOk?feature=oembed\" frameborder=\"0\" allow=\"accelerometer; autoplay; clipboard-write; encrypted-media; gyroscope; picture-in-picture\" allowfullscreen><\/iframe>\n<\/div><figcaption class=\"wp-element-caption\">Marche pacifique 4 d\u00e9cembre RDC<\/figcaption><\/figure>\n\n\n\n<p class=\"has-text-align-right\">Philippe MUHINDO NDUNGO, a.a.<\/p>\n","protected":false},"excerpt":{"rendered":"<p>A la demande de la Conf\u00e9rence Episcopale Nationale du Congo (CENCO), dans son message du 7 au 11 novembre 2022 intitul\u00e9: \u00abL&rsquo;heure est grave. Notre pays est en danger (cfr N\u00e9h 2 : 17) \u00bb, les fid\u00e8les catholiques ont r\u00e9pondu massivement \u00e0 la marche pacifique du dimanche 4 d\u00e9cembre 2022 dans toute l\u2019\u00e9tendue de la [&hellip;]<\/p>\n","protected":false},"author":2,"featured_media":2043,"comment_status":"open","ping_status":"closed","sticky":false,"template":"","format":"standard","meta":{"footnotes":""},"categories":[16],"tags":[5],"class_list":["post-2041","post","type-post","status-publish","format-standard","has-post-thumbnail","hentry","category-temoignages","tag-francais"],"_links":{"self":[{"href":"https:\/\/jpic-assumpta.org\/index.php\/wp-json\/wp\/v2\/posts\/2041","targetHints":{"allow":["GET"]}}],"collection":[{"href":"https:\/\/jpic-assumpta.org\/index.php\/wp-json\/wp\/v2\/posts"}],"about":[{"href":"https:\/\/jpic-assumpta.org\/index.php\/wp-json\/wp\/v2\/types\/post"}],"author":[{"embeddable":true,"href":"https:\/\/jpic-assumpta.org\/index.php\/wp-json\/wp\/v2\/users\/2"}],"replies":[{"embeddable":true,"href":"https:\/\/jpic-assumpta.org\/index.php\/wp-json\/wp\/v2\/comments?post=2041"}],"version-history":[{"count":1,"href":"https:\/\/jpic-assumpta.org\/index.php\/wp-json\/wp\/v2\/posts\/2041\/revisions"}],"predecessor-version":[{"id":2044,"href":"https:\/\/jpic-assumpta.org\/index.php\/wp-json\/wp\/v2\/posts\/2041\/revisions\/2044"}],"wp:featuredmedia":[{"embeddable":true,"href":"https:\/\/jpic-assumpta.org\/index.php\/wp-json\/wp\/v2\/media\/2043"}],"wp:attachment":[{"href":"https:\/\/jpic-assumpta.org\/index.php\/wp-json\/wp\/v2\/media?parent=2041"}],"wp:term":[{"taxonomy":"category","embeddable":true,"href":"https:\/\/jpic-assumpta.org\/index.php\/wp-json\/wp\/v2\/categories?post=2041"},{"taxonomy":"post_tag","embeddable":true,"href":"https:\/\/jpic-assumpta.org\/index.php\/wp-json\/wp\/v2\/tags?post=2041"}],"curies":[{"name":"wp","href":"https:\/\/api.w.org\/{rel}","templated":true}]}}