{"id":1965,"date":"2022-09-06T10:52:58","date_gmt":"2022-09-06T08:52:58","guid":{"rendered":"https:\/\/jpic-assumpta.org\/?p=1965"},"modified":"2022-09-06T11:03:12","modified_gmt":"2022-09-06T09:03:12","slug":"ecoute-la-voix-de-la-creation","status":"publish","type":"post","link":"https:\/\/jpic-assumpta.org\/index.php\/2022\/09\/06\/ecoute-la-voix-de-la-creation\/","title":{"rendered":"\u00c9coute la voix de la Cr\u00e9ation"},"content":{"rendered":"\n<p>Du 1er septembre au 4 octobre, pendant le \u00ab&nbsp;Temps de la Cr\u00e9ation&nbsp;\u00bb, des chr\u00e9tiens du monde entier s\u2019engageront avec d\u2019autres dans une r\u00e9flexion personnelle, des \u00e9changes communautaires et des actions plus concr\u00e8tes pour sauver la Cr\u00e9ation menac\u00e9e.<\/p>\n\n\n\n<p><strong>Histoire du Temps de la Cr\u00e9ation \u0153cum\u00e9nique<\/strong><br>Le 1er septembre (1989) a \u00e9t\u00e9 proclam\u00e9 Journ\u00e9e de pri\u00e8re pour l\u2019environnement par le patriarche \u0153cum\u00e9nique Dimitrios I. En 2018, le comit\u00e9 central du Conseil \u0153cum\u00e9nique des Eglises invitait les Eglises membres \u00e0 c\u00e9l\u00e9brer le \u00ab&nbsp;Temps de la Cr\u00e9ation&nbsp;\u00bb par des pri\u00e8res et des actions. En 2015, le pape Fran\u00e7ois a \u00e9galement d\u00e9clar\u00e9 le 1er septembre Journ\u00e9e mondiale de pri\u00e8re pour la sauvegarde de la Cr\u00e9ation pour l\u2019\u00c9glise catholique. Au fil des ann\u00e9es, de grandes organisations orthodoxes, catholiques, protestantes et anglicanes se sont unies pour encourager les 2,2 milliards de chr\u00e9tiens du monde entier \u00e0 prier pendant les 5 semaines, jusqu\u2019\u00e0 la comm\u00e9moration de Fran\u00e7ois d\u2019Assise le 4 octobre, et \u00e0 s\u2019engager ensemble dans des actions concr\u00e8tes pour l\u2019environnement.<\/p>\n\n\n\n<p><strong>Le th\u00e8me du Temps de la Cr\u00e9ation 2022 : \u00ab&nbsp;\u00c9coute la voix de la Cr\u00e9ation&nbsp;\u00bb.<\/strong><br>La pand\u00e9mie de Covid a rel\u00e9gu\u00e9 au second plan de nombreux th\u00e8mes importants. Le th\u00e8me du Temps de la Cr\u00e9ation 2022, \u00ab&nbsp;\u00c9coute\u2026&nbsp;\u00bb, nous fait prendre conscience que nous devons \u00e9couter la voix de la Cr\u00e9ation. Le psalmiste explique : \u00ab&nbsp;Les cieux racontent la gloire de Dieu, et le firmament annonce l\u2019\u0153uvre de ses mains\u2026&nbsp;\u00bb&nbsp; (Ps 19:1-4) La cr\u00e9ation ne cesse jamais de proclamer la grandeur de Dieu, mais est-ce que nous \u00e9coutons ? En cet Temps de Cr\u00e9ation, nos&nbsp; pri\u00e8res et nos&nbsp; action communes peuvent nous aider \u00e0 \u00e9couter les voix de ceux qui sont r\u00e9duits au silence.<\/p>\n\n\n\n<p><strong>Le logo du Temps de la Cr\u00e9ation 2022 : le buisson ardent<br><\/strong>Nous vous invitons \u00e0 utiliser le symbole du buisson ardent lors de vos \u00e9v\u00e9nements. Les incendies incontr\u00f4lables, aujourd\u2019hui tr\u00e8s r\u00e9pandus, sont le signe des effets d\u00e9vastateurs du changement climatique sur les plus vuln\u00e9rables de notre plan\u00e8te. La cr\u00e9ation pousse un cri lorsque les for\u00eats br\u00fblent, que les animaux fuient et que les gens sont contraints de quitter leur foyer.<br>Il en va tout autrement du feu qui a attir\u00e9 l\u2019attention de Mo\u00efse alors qu\u2019il gardait le troupeau sur le mont Horeb. Il n\u2019a pas consum\u00e9 ou d\u00e9truit le buisson. Cette flamme de l\u2019Esprit r\u00e9v\u00e9lait la pr\u00e9sence de Dieu. Ce feu sacr\u00e9 confirmait que Dieu entendait les cris de tous ceux qui souffrent et promettaient d\u2019\u00eatre avec nous. En ce Temps de la Cr\u00e9ation, ce symbole de l\u2019Esprit de Dieu nous appelle \u00e0 \u00e9couter la voix de la Cr\u00e9ation et \u00e0 la suivre fid\u00e8lement. Lorsque vous c\u00e9l\u00e9brez ce Temps de la Cr\u00e9ation, allumez des bougies, allumez le feu de P\u00e2ques, d\u00e9corez un buisson \u00e0 l\u2019endroit o\u00f9 vous c\u00e9l\u00e9brez le culte. Que ce symbole nous rappelle d\u2019\u00f4ter nos sandales, de contempler notre lien avec la terre sacr\u00e9e, d\u2019\u00e9couter la voix de la cr\u00e9ation et d\u2019\u00eatre remplis de l\u2019espoir d\u2019\u00e9teindre l\u2019injustice avec la lumi\u00e8re de l\u2019amour gu\u00e9risseur de Dieu. Nous invitons tous les membres et amis du NAD \u00e0 participer activement au Temps de la Cr\u00e9ation. Nous proposerons des suggestions hebdomadaires avec des r\u00e9flexions sur les \u00e9vangiles du dimanche pour une r\u00e9flexion personnelle, un \u00e9change communautaire et un enrichissement de la liturgie.&nbsp;<strong>&nbsp;<\/strong><\/p>\n\n\n\n<p>Puisse cette&nbsp; Saison de la Cr\u00e9ation renouveler notre unit\u00e9 \u0153cum\u00e9nique ! Et puisse ce temps de pri\u00e8re et d\u2019action \u00eatre un temps o\u00f9 nous \u00e9coutons la voix de la Cr\u00e9ation, afin que nos vies, en paroles et en actes, soient porteuses d\u2019une bonne nouvelle pour la Terre enti\u00e8re.<\/p>\n\n\n\n<p>Wolfgang Schonecke<\/p>\n\n\n\n<p>Germain AEFJN antenna<\/p>\n\n\n\n<figure class=\"wp-block-image size-large\"><img fetchpriority=\"high\" decoding=\"async\" width=\"1024\" height=\"353\" src=\"https:\/\/jpic-assumpta.org\/wp-content\/uploads\/2022\/09\/SoClogoFRDark-01-1024x353.png\" alt=\"\" class=\"wp-image-1966\" srcset=\"https:\/\/jpic-assumpta.org\/wp-content\/uploads\/2022\/09\/SoClogoFRDark-01-1024x353.png 1024w, https:\/\/jpic-assumpta.org\/wp-content\/uploads\/2022\/09\/SoClogoFRDark-01-300x103.png 300w, https:\/\/jpic-assumpta.org\/wp-content\/uploads\/2022\/09\/SoClogoFRDark-01-768x265.png 768w, https:\/\/jpic-assumpta.org\/wp-content\/uploads\/2022\/09\/SoClogoFRDark-01-1536x530.png 1536w, https:\/\/jpic-assumpta.org\/wp-content\/uploads\/2022\/09\/SoClogoFRDark-01.png 1983w\" sizes=\"(max-width: 1024px) 100vw, 1024px\" \/><\/figure>\n","protected":false},"excerpt":{"rendered":"<p>Du 1er septembre au 4 octobre, pendant le \u00ab&nbsp;Temps de la Cr\u00e9ation&nbsp;\u00bb, des chr\u00e9tiens du monde entier s\u2019engageront avec d\u2019autres dans une r\u00e9flexion personnelle, des \u00e9changes communautaires et des actions plus concr\u00e8tes pour sauver la Cr\u00e9ation menac\u00e9e. Histoire du Temps de la Cr\u00e9ation \u0153cum\u00e9niqueLe 1er septembre (1989) a \u00e9t\u00e9 proclam\u00e9 Journ\u00e9e de pri\u00e8re pour l\u2019environnement [&hellip;]<\/p>\n","protected":false},"author":2,"featured_media":1972,"comment_status":"open","ping_status":"closed","sticky":false,"template":"","format":"standard","meta":{"footnotes":""},"categories":[15],"tags":[5],"class_list":["post-1965","post","type-post","status-publish","format-standard","has-post-thumbnail","hentry","category-action","tag-francais"],"_links":{"self":[{"href":"https:\/\/jpic-assumpta.org\/index.php\/wp-json\/wp\/v2\/posts\/1965","targetHints":{"allow":["GET"]}}],"collection":[{"href":"https:\/\/jpic-assumpta.org\/index.php\/wp-json\/wp\/v2\/posts"}],"about":[{"href":"https:\/\/jpic-assumpta.org\/index.php\/wp-json\/wp\/v2\/types\/post"}],"author":[{"embeddable":true,"href":"https:\/\/jpic-assumpta.org\/index.php\/wp-json\/wp\/v2\/users\/2"}],"replies":[{"embeddable":true,"href":"https:\/\/jpic-assumpta.org\/index.php\/wp-json\/wp\/v2\/comments?post=1965"}],"version-history":[{"count":2,"href":"https:\/\/jpic-assumpta.org\/index.php\/wp-json\/wp\/v2\/posts\/1965\/revisions"}],"predecessor-version":[{"id":1970,"href":"https:\/\/jpic-assumpta.org\/index.php\/wp-json\/wp\/v2\/posts\/1965\/revisions\/1970"}],"wp:featuredmedia":[{"embeddable":true,"href":"https:\/\/jpic-assumpta.org\/index.php\/wp-json\/wp\/v2\/media\/1972"}],"wp:attachment":[{"href":"https:\/\/jpic-assumpta.org\/index.php\/wp-json\/wp\/v2\/media?parent=1965"}],"wp:term":[{"taxonomy":"category","embeddable":true,"href":"https:\/\/jpic-assumpta.org\/index.php\/wp-json\/wp\/v2\/categories?post=1965"},{"taxonomy":"post_tag","embeddable":true,"href":"https:\/\/jpic-assumpta.org\/index.php\/wp-json\/wp\/v2\/tags?post=1965"}],"curies":[{"name":"wp","href":"https:\/\/api.w.org\/{rel}","templated":true}]}}