{"id":1950,"date":"2022-07-12T12:35:34","date_gmt":"2022-07-12T10:35:34","guid":{"rendered":"https:\/\/jpic-assumpta.org\/?p=1950"},"modified":"2022-07-14T17:14:41","modified_gmt":"2022-07-14T15:14:41","slug":"donde-esta-tu-hermano","status":"publish","type":"post","link":"https:\/\/jpic-assumpta.org\/index.php\/2022\/07\/12\/donde-esta-tu-hermano\/","title":{"rendered":"\u00bfD\u00f3nde est\u00e1 tu hermano?"},"content":{"rendered":"\n<p class=\"has-text-align-center has-vivid-green-cyan-color has-text-color\"><strong>\u201cEl Se\u00f1or dijo a Ca\u00edn:<br>&nbsp;&nbsp; \u2014\u00bfD\u00f3nde est\u00e1 Abel, tu hermano?<br>&nbsp;&nbsp; Contest\u00f3:<br>&nbsp;&nbsp; \u2014No s\u00e9, \u00bfsoy yo, acaso, el guardi\u00e1n de mi hermano?\u201d<\/strong> G\u00e9nesis 4,<\/p>\n\n\n\n<p>Ante los dos recientes acontecimientos de Nador, en la frontera de Melilla en la Costa Norte de \u00c1frica y en la frontera Sur de Texas donde nuevamente hemos asistido a la tragedia &nbsp;de la muerte de nuestros hermanos migrantes y del trato inhumano , as\u00ed como las consecuencias de la compleja trama de las mafias del tr\u00e1fico de personas y de las pol\u00edticas de estado\u2026 No podemos acostumbrarnos solo a escuchar y a ver im\u00e1genes dolorosas de lejos o de cerca&#8230; \u00a1son nuestros hermanos!. El Papa Francisco nos ha llamado a orar para que el Se\u00f1or nos abra el coraz\u00f3n y estas desgracias no sucedan m\u00e1s. Que estas tragedias nos ayuden a reflexionar y a actuar en coherencia ah\u00ed donde estamos, nos hagan m\u00e1s comprometidos(as) con esta causa&#8230; Que la vida que tocamos con nuestras manos, que vemos pueda transformarnos. No somos espectadores neutrales sino colaboradores con Dios de construir una sociedad m\u00e1s humana y fraterna.<\/p>\n\n\n\n<ul class=\"wp-block-list\"><li>Hagamos un minuto de silencio por las v\u00edctimas que siguen cayendo en el camino\u2026Dios protege al pobre, al extranjero, al hu\u00e9rfano, a la viuda\u2026!Dios es un Dios de VIDA que quiere la VIDA!<\/li><\/ul>\n\n\n\n<p><strong>SALMO 146<\/strong><\/p>\n\n\n\n<p class=\"has-vivid-cyan-blue-color has-text-color\">TODOS: EL SE\u00d1OR PROTEGE AL MIGRANTE Y AL REFUGIADO, EL SE\u00d1OR REINA POR SIEMPRE<\/p>\n\n\n\n<p>\u00a1Aleluya! Alaba, alma m\u00eda, al Se\u00f1or alabar\u00e9 al Se\u00f1or mientras viva, cantar\u00e9 para mi Dios mientras exista. No conf\u00eden en los poderosos, en un hombre incapaz de salvar: exhala su aliento y vuelve a la tierra, ese d\u00eda acaban sus planes.<\/p>\n\n\n\n<p><a>TODOS: EL SE\u00d1OR PROTEGE AL MIGRANTE Y AL REFUGIADO, EL SE\u00d1OR REINA POR SIEMPRE<\/a><\/p>\n\n\n\n<p>&nbsp;Dichoso a quien auxilia el Dios de Jacob: su esperanza es el Se\u00f1or su Dios, que hizo el cielo y la tierra, el mar y cuanto hay en ellos; que mantiene su fidelidad perpetuamente, que hace justicia a los oprimidos; da pan a los hambrientos;<\/p>\n\n\n\n<p><a>TODOS: EL SE\u00d1OR PROTEGE AL MIGRANTE Y AL REFUGIADO, EL SE\u00d1OR REINA POR SIEMPRE<\/a><\/p>\n\n\n\n<p>El Se\u00f1or libera a los cautivos; el Se\u00f1or da vista a los ciegos; el Se\u00f1or endereza a los encorvados; el Se\u00f1or ama a los honrados; el Se\u00f1or protege a los migrantes; sustenta al hu\u00e9rfano y a la viuda y anula el poder de los malvados. El Se\u00f1or reina eternamente, tu Dios, Sion, de edad en edad. \u00a1Aleluya!<\/p>\n\n\n\n<p class=\"has-vivid-cyan-blue-color has-text-color\">TODOS: EL SE\u00d1OR PROTEGE AL MIGRANTE Y AL REFUGIADO, EL SE\u00d1OR REINA POR SIEMPRE.<\/p>\n\n\n\n<p><strong>ORACION&nbsp;&nbsp; P. FRANCISCO (JMMR 2022)<\/strong><\/p>\n\n\n\n<p>Se\u00f1or, haznos portadores de esperanza,<br>para que donde haya oscuridad reine tu luz,<br>y donde haya resignaci\u00f3n renazca la confianza en el futuro.<\/p>\n\n\n\n<p>Se\u00f1or, haznos instrumentos de tu justicia,<br>para que donde haya exclusi\u00f3n, florezca la fraternidad,<br>y donde haya codicia, florezca la comuni\u00f3n.<\/p>\n\n\n\n<p>Se\u00f1or, haznos constructores de tu Reino<br>junto con los migrantes y los refugiados<br>y con todos los habitantes de las periferias.<\/p>\n\n\n\n<p>Se\u00f1or, haz que aprendamos cu\u00e1n bello es<br>vivir como hermanos y hermanas. Am\u00e9n.<\/p>\n\n\n\n<p class=\"has-text-align-right\">Sandra Dur\u00e1n ra<\/p>\n\n\n\n<p>Foto: Pastoral de Movilidad Humana de Guatemala<\/p>\n","protected":false},"excerpt":{"rendered":"<p>\u201cEl Se\u00f1or dijo a Ca\u00edn:&nbsp;&nbsp; \u2014\u00bfD\u00f3nde est\u00e1 Abel, tu hermano?&nbsp;&nbsp; Contest\u00f3:&nbsp;&nbsp; \u2014No s\u00e9, \u00bfsoy yo, acaso, el guardi\u00e1n de mi hermano?\u201d G\u00e9nesis 4, Ante los dos recientes acontecimientos de Nador, en la frontera de Melilla en la Costa Norte de \u00c1frica y en la frontera Sur de Texas donde nuevamente hemos asistido a la tragedia [&hellip;]<\/p>\n","protected":false},"author":2,"featured_media":1956,"comment_status":"open","ping_status":"closed","sticky":false,"template":"","format":"standard","meta":{"footnotes":""},"categories":[8],"tags":[10],"class_list":["post-1950","post","type-post","status-publish","format-standard","has-post-thumbnail","hentry","category-celebration","tag-espanol"],"_links":{"self":[{"href":"https:\/\/jpic-assumpta.org\/index.php\/wp-json\/wp\/v2\/posts\/1950","targetHints":{"allow":["GET"]}}],"collection":[{"href":"https:\/\/jpic-assumpta.org\/index.php\/wp-json\/wp\/v2\/posts"}],"about":[{"href":"https:\/\/jpic-assumpta.org\/index.php\/wp-json\/wp\/v2\/types\/post"}],"author":[{"embeddable":true,"href":"https:\/\/jpic-assumpta.org\/index.php\/wp-json\/wp\/v2\/users\/2"}],"replies":[{"embeddable":true,"href":"https:\/\/jpic-assumpta.org\/index.php\/wp-json\/wp\/v2\/comments?post=1950"}],"version-history":[{"count":5,"href":"https:\/\/jpic-assumpta.org\/index.php\/wp-json\/wp\/v2\/posts\/1950\/revisions"}],"predecessor-version":[{"id":1960,"href":"https:\/\/jpic-assumpta.org\/index.php\/wp-json\/wp\/v2\/posts\/1950\/revisions\/1960"}],"wp:featuredmedia":[{"embeddable":true,"href":"https:\/\/jpic-assumpta.org\/index.php\/wp-json\/wp\/v2\/media\/1956"}],"wp:attachment":[{"href":"https:\/\/jpic-assumpta.org\/index.php\/wp-json\/wp\/v2\/media?parent=1950"}],"wp:term":[{"taxonomy":"category","embeddable":true,"href":"https:\/\/jpic-assumpta.org\/index.php\/wp-json\/wp\/v2\/categories?post=1950"},{"taxonomy":"post_tag","embeddable":true,"href":"https:\/\/jpic-assumpta.org\/index.php\/wp-json\/wp\/v2\/tags?post=1950"}],"curies":[{"name":"wp","href":"https:\/\/api.w.org\/{rel}","templated":true}]}}