{"id":1435,"date":"2021-06-13T07:41:52","date_gmt":"2021-06-13T05:41:52","guid":{"rendered":"https:\/\/jpic-assumpta.org\/?p=1435"},"modified":"2021-07-09T22:14:52","modified_gmt":"2021-07-09T20:14:52","slug":"session-de-migration-migration-session-sesion-de-migracion-5-10-juillet-july-julio","status":"publish","type":"post","link":"https:\/\/jpic-assumpta.org\/index.php\/2021\/06\/13\/session-de-migration-migration-session-sesion-de-migracion-5-10-juillet-july-julio\/","title":{"rendered":"Session de Migration \u2013 Migration Session \u2013 Sesi\u00f3n de migraci\u00f3n (5-10 Juillet \u2013 July \u2013 Julio)"},"content":{"rendered":"\t\t<div data-elementor-type=\"wp-post\" data-elementor-id=\"1435\" class=\"elementor elementor-1435\" data-elementor-post-type=\"post\">\n\t\t\t\t\t\t<section class=\"elementor-section elementor-top-section elementor-element elementor-element-c330248 elementor-section-boxed elementor-section-height-default elementor-section-height-default\" data-id=\"c330248\" data-element_type=\"section\" data-e-type=\"section\">\n\t\t\t\t\t\t<div class=\"elementor-container elementor-column-gap-default\">\n\t\t\t\t\t<div class=\"elementor-column elementor-col-100 elementor-top-column elementor-element elementor-element-57d590c\" data-id=\"57d590c\" data-element_type=\"column\" data-e-type=\"column\">\n\t\t\t<div class=\"elementor-widget-wrap elementor-element-populated\">\n\t\t\t\t\t\t<div class=\"elementor-element elementor-element-792e956 elementor-widget elementor-widget-text-editor\" data-id=\"792e956\" data-element_type=\"widget\" data-e-type=\"widget\" data-widget_type=\"text-editor.default\">\n\t\t\t\t<div class=\"elementor-widget-container\">\n\t\t\t\t\t\t\t\t\t<div class=\"kvgmc6g5 cxmmr5t8 oygrvhab hcukyx3x c1et5uql ii04i59q\"><div dir=\"auto\">Nous avons commenc\u00e9 aujourd\u2019hui, la session sur la migration, qui a rassembl\u00e9 65 participants des 5 familles de l&rsquo;Assomption. Apr\u00e8s une belle pri\u00e8re et un mot d\u2019accueil de l&rsquo;\u00e9quipe du Secr\u00e9tariat international JPIC des familles de l&rsquo;Assomption, les Sup\u00e9rieurs g\u00e9n\u00e9raux de chacune de nos Congr\u00e9gations, nous ont adress\u00e9 quelques mots sur l&rsquo;importance de travailler sur ce th\u00e8me, afin d&rsquo;encourager notre engagement sur ces fronti\u00e8res sociales.<\/div><\/div><div dir=\"auto\">\u00a0<\/div><div dir=\"auto\">The migration session started today, bringing together 64 participants from the 5 families of the Assumption. After a beautiful prayer and a greeting from the International JPIC Secretariat Team of the Assumption families, the Superiors General of each of our congregations addressed a few words on the importance of working on this topic to encourage our commitment on these social frontiers.<\/div><div class=\"kvgmc6g5 cxmmr5t8 oygrvhab hcukyx3x c1et5uql ii04i59q\"><div dir=\"auto\">\u00a0<\/div><div dir=\"auto\">Hoy ha dado comienzo la sesi\u00f3n de migraciones que re\u00fane a 64 participantes de las 5 familias de la Asunci\u00f3n. Tras una bella oraci\u00f3n y un saludo por parte del Equipo del Secretariado Internacional JPIC de las familias de la Asunci\u00f3n, los Superiores Generales de cada una de nuestras congregaciones han dirigido unas palabras sobre la importancia de trabajar este tema con el fin de animar nuestro compromiso en estas fronteras sociales.<span style=\"color: var( --e-global-color-text ); font-family: var( --e-global-typography-text-font-family ), Sans-serif; font-weight: var( --e-global-typography-text-font-weight );\">\u00a0<\/span><\/div><\/div><div class=\"o9v6fnle cxmmr5t8 oygrvhab hcukyx3x c1et5uql ii04i59q\"><div dir=\"auto\">\u00a0<\/div><\/div>\t\t\t\t\t\t\t\t<\/div>\n\t\t\t\t<\/div>\n\t\t\t\t\t<\/div>\n\t\t<\/div>\n\t\t\t\t\t<\/div>\n\t\t<\/section>\n\t\t\t\t<section class=\"elementor-section elementor-top-section elementor-element elementor-element-458c95ab elementor-section-boxed elementor-section-height-default elementor-section-height-default\" data-id=\"458c95ab\" data-element_type=\"section\" data-e-type=\"section\">\n\t\t\t\t\t\t<div class=\"elementor-container elementor-column-gap-default\">\n\t\t\t\t\t<div class=\"elementor-column elementor-col-100 elementor-top-column elementor-element elementor-element-15735c0a\" data-id=\"15735c0a\" data-element_type=\"column\" data-e-type=\"column\">\n\t\t\t<div class=\"elementor-widget-wrap elementor-element-populated\">\n\t\t\t\t\t\t<div class=\"elementor-element elementor-element-6042fb33 elementor-widget elementor-widget-text-editor\" data-id=\"6042fb33\" data-element_type=\"widget\" data-e-type=\"widget\" data-widget_type=\"text-editor.default\">\n\t\t\t\t<div class=\"elementor-widget-container\">\n\t\t\t\t\t\t\t\t\t<div style=\"width: 100%;\"><div style=\"position: relative; padding-bottom: 56.25%; padding-top: 0; height: 0;\"><iframe frameborder=\"0\" width=\"1200\" height=\"675\" style=\"position: absolute; top: 0; left: 0; width: 100%; height: 100%;\" src=\"https:\/\/view.genial.ly\/60a007767f621f0d08cfe4aa\" type=\"text\/html\" allowscriptaccess=\"always\" allowfullscreen=\"true\" scrolling=\"yes\" allownetworking=\"all\"><\/iframe> <\/div> <\/div>\t\t\t\t\t\t\t\t<\/div>\n\t\t\t\t<\/div>\n\t\t\t\t\t<\/div>\n\t\t<\/div>\n\t\t\t\t\t<\/div>\n\t\t<\/section>\n\t\t\t\t<\/div>\n\t\t","protected":false},"excerpt":{"rendered":"<p>Nous avons commenc\u00e9 aujourd\u2019hui, la session sur la migration, qui a rassembl\u00e9 65 participants des 5 familles de l&rsquo;Assomption. Apr\u00e8s une belle pri\u00e8re et un mot d\u2019accueil de l&rsquo;\u00e9quipe du Secr\u00e9tariat international JPIC des familles de l&rsquo;Assomption, les Sup\u00e9rieurs g\u00e9n\u00e9raux de chacune de nos Congr\u00e9gations, nous ont adress\u00e9 quelques mots sur l&rsquo;importance de travailler sur [&hellip;]<\/p>\n","protected":false},"author":2,"featured_media":1441,"comment_status":"open","ping_status":"closed","sticky":true,"template":"","format":"standard","meta":{"footnotes":""},"categories":[3,31],"tags":[18,10,5],"class_list":["post-1435","post","type-post","status-publish","format-standard","has-post-thumbnail","hentry","category-editorial","category-session-de-migration-2021","tag-english","tag-espanol","tag-francais"],"_links":{"self":[{"href":"https:\/\/jpic-assumpta.org\/index.php\/wp-json\/wp\/v2\/posts\/1435","targetHints":{"allow":["GET"]}}],"collection":[{"href":"https:\/\/jpic-assumpta.org\/index.php\/wp-json\/wp\/v2\/posts"}],"about":[{"href":"https:\/\/jpic-assumpta.org\/index.php\/wp-json\/wp\/v2\/types\/post"}],"author":[{"embeddable":true,"href":"https:\/\/jpic-assumpta.org\/index.php\/wp-json\/wp\/v2\/users\/2"}],"replies":[{"embeddable":true,"href":"https:\/\/jpic-assumpta.org\/index.php\/wp-json\/wp\/v2\/comments?post=1435"}],"version-history":[{"count":22,"href":"https:\/\/jpic-assumpta.org\/index.php\/wp-json\/wp\/v2\/posts\/1435\/revisions"}],"predecessor-version":[{"id":1594,"href":"https:\/\/jpic-assumpta.org\/index.php\/wp-json\/wp\/v2\/posts\/1435\/revisions\/1594"}],"wp:featuredmedia":[{"embeddable":true,"href":"https:\/\/jpic-assumpta.org\/index.php\/wp-json\/wp\/v2\/media\/1441"}],"wp:attachment":[{"href":"https:\/\/jpic-assumpta.org\/index.php\/wp-json\/wp\/v2\/media?parent=1435"}],"wp:term":[{"taxonomy":"category","embeddable":true,"href":"https:\/\/jpic-assumpta.org\/index.php\/wp-json\/wp\/v2\/categories?post=1435"},{"taxonomy":"post_tag","embeddable":true,"href":"https:\/\/jpic-assumpta.org\/index.php\/wp-json\/wp\/v2\/tags?post=1435"}],"curies":[{"name":"wp","href":"https:\/\/api.w.org\/{rel}","templated":true}]}}